{"id":46823,"date":"2019-04-23T12:45:21","date_gmt":"2019-04-23T17:45:21","guid":{"rendered":"http:\/\/estado29.mx\/?p=46823"},"modified":"2019-04-23T12:45:59","modified_gmt":"2019-04-23T17:45:59","slug":"el-otomi-y-nahuatl-lenguas-con-riesgo-de-desaparecer-en-tlaxcala-segun-el-inali","status":"publish","type":"post","link":"https:\/\/estado29.mx\/?p=46823","title":{"rendered":"El Otom\u00ed y N\u00e1huatl, lenguas con riesgo de desaparecer en Tlaxcala seg\u00fan el INALI"},"content":{"rendered":"\n<p>El director del Instituto Nacional de la Lenguas Ind\u00edgenas\n(INALI), Juan Gregorio Regino, declar\u00f3 que las lenguas Otom\u00ed &nbsp;y N\u00e1huatl en Tlaxcala, est\u00e1n en riesgo de\ndesaparecer, entre los principales factores est\u00e1n la subordinaci\u00f3n, exclusi\u00f3n y\ndiscriminaci\u00f3n hist\u00f3rica de las&nbsp; lenguas ind\u00edgenas,\nadem\u00e1s de la existencia de una pol\u00edtica ling\u00fc\u00edstica nacional de considerar al\nespa\u00f1ol como la \u00fanica lengua nacional. <\/p>\n\n\n\n<p>Recalc\u00f3 que el panorama&nbsp;\nlocal para los dos dialectos no es alentador por lo que es necesaria la implementaci\u00f3n\nde pol\u00edticas p\u00fablicas para salvaguardarlas, &nbsp;as\u00ed lo coment\u00f3 el funcionario federal este d\u00eda\ndespu\u00e9s de la primera firma de convenio de colaboraci\u00f3n para proteger las &nbsp;lenguas ind\u00edgenas Zoque y Chontal, ambas en la\nregi\u00f3n del Istmo de Tehuantepec. <\/p>\n\n\n\n<p>La firma de convenio se llev\u00f3 a cabo en la Secretar\u00eda de\nCultural, entre la titular de la Secretar\u00eda de Asuntos Ind\u00edgenas de Oaxaca, Eufrosina\nCruz Mendoza, la Subsecretaria de la Diversidad Cultura de la Secretar\u00eda de\nCultura federal, Natalia Toledo, y el director del&nbsp; INALI; dicho convenio es &nbsp;para recaudar &nbsp;fondos con aportaci\u00f3n federal, estatal,\nmunicipal y de la iniciativa privada para impulsar la salvaguarda de 31 lenguas\nind\u00edgenas &nbsp;que est\u00e1n en alto riesgo de\ndesaparici\u00f3n en diferentes estados de la Rep\u00fablica, principalmente en el norte\ndel Pa\u00eds. <\/p>\n\n\n\n<p>En ese sentido, explic\u00f3 que el&nbsp; factor principal para la desaparici\u00f3n de los\ndialectos es la&nbsp; subordinaci\u00f3n, exclusi\u00f3n\ny discriminaci\u00f3n hist\u00f3rica de las&nbsp;\nlenguas ind\u00edgenas, adem\u00e1s de la existencia de una pol\u00edtica ling\u00fc\u00edstica nacional\nde considerar al espa\u00f1ol como la \u00fanica lengua nacional, pero hoy por ley es obligaci\u00f3n\nde los estados y municipios atenderlas, protegerlas y reconocerlas con el desarrollo\nde acciones. <\/p>\n\n\n\n<p>En el caso de Tlaxcala, el director del INALI infirm\u00f3 que\nes necesario implementar pol\u00edticas p\u00fablicas que permitan atender a las lenguas ind\u00edgenas\nque est\u00e1n en riesgo de desaparecer como son la Otom\u00ed y N\u00e1huatl, que son\noriginarias de diferentes comunidades de la entidad.<\/p>\n\n\n\n<p>\u201cLa UNESCO plantea un panorama no muy alentador en el\ntema, ya desde el siglo pasado se perdieron muchas lenguas este a\u00f1o est\u00e1\ncalculado que el 90 por ciento de las lenguas ind\u00edgenas que se hablan en el\nmundo van a desaparecer por eso es urgente tomar medidas que nos permitan\nalertarnos y tomar acciones para que esto no ocurra\u201d, declar\u00f3 en entrevista. <\/p>\n\n\n\n<p>Gregorio &nbsp;Regino,\nexplic\u00f3 que dentro del Programa de Salvaguarda del INALI se inici\u00f3 con la inscripci\u00f3n\nde convenios con los estados, como el que se firm\u00f3 este d\u00eda con la\nrepresentaci\u00f3n de Oaxaca, y se implementar\u00e1 en este mismo a\u00f1o Tlaxcala para\natender las necesidades de las lenguas maternas, a trav\u00e9s del cual se\nimplementen acciones efectivas iniciando con aportaciones m\u00ednimas de los gobiernos\nfederal, estatal, y municipal. <\/p>\n\n\n\n<p>Y es que adem\u00e1s, inform\u00f3 que ante este panorama\ndesalentador hay cosas buenas, en referencia a la instalaci\u00f3n en Tlaxcala de\nnuevas lenguas como lo es el Totonaco que es originaria de estado como Puebla y\nVeracruz, para la que tambi\u00e9n se deben implementar pol\u00edticas p\u00fablicas. <\/p>\n","protected":false},"excerpt":{"rendered":"<p>El director del Instituto Nacional de la Lenguas Ind\u00edgenas (INALI), Juan Gregorio Regino, declar\u00f3 que las lenguas Otom\u00ed &nbsp;y N\u00e1huatl en Tlaxcala, est\u00e1n en riesgo de desaparecer, entre los principales factores est\u00e1n la subordinaci\u00f3n, exclusi\u00f3n y discriminaci\u00f3n hist\u00f3rica de las&nbsp; lenguas ind\u00edgenas, adem\u00e1s de la existencia de una pol\u00edtica ling\u00fc\u00edstica nacional de considerar al espa\u00f1ol [&hellip;]<\/p>\n","protected":false},"author":31,"featured_media":0,"comment_status":"open","ping_status":"open","sticky":false,"template":"","format":"standard","meta":{"om_disable_all_campaigns":false,"_monsterinsights_skip_tracking":false,"_monsterinsights_sitenote_active":false,"_monsterinsights_sitenote_note":"","_monsterinsights_sitenote_category":0,"jnews-multi-image_gallery":[],"jnews_single_post":[],"jnews_primary_category":[],"footnotes":""},"categories":[],"tags":[],"class_list":["post-46823","post","type-post","status-publish","format-standard","hentry"],"aioseo_notices":[],"_links":{"self":[{"href":"https:\/\/estado29.mx\/index.php?rest_route=\/wp\/v2\/posts\/46823","targetHints":{"allow":["GET"]}}],"collection":[{"href":"https:\/\/estado29.mx\/index.php?rest_route=\/wp\/v2\/posts"}],"about":[{"href":"https:\/\/estado29.mx\/index.php?rest_route=\/wp\/v2\/types\/post"}],"author":[{"embeddable":true,"href":"https:\/\/estado29.mx\/index.php?rest_route=\/wp\/v2\/users\/31"}],"replies":[{"embeddable":true,"href":"https:\/\/estado29.mx\/index.php?rest_route=%2Fwp%2Fv2%2Fcomments&post=46823"}],"version-history":[{"count":1,"href":"https:\/\/estado29.mx\/index.php?rest_route=\/wp\/v2\/posts\/46823\/revisions"}],"predecessor-version":[{"id":46828,"href":"https:\/\/estado29.mx\/index.php?rest_route=\/wp\/v2\/posts\/46823\/revisions\/46828"}],"wp:attachment":[{"href":"https:\/\/estado29.mx\/index.php?rest_route=%2Fwp%2Fv2%2Fmedia&parent=46823"}],"wp:term":[{"taxonomy":"category","embeddable":true,"href":"https:\/\/estado29.mx\/index.php?rest_route=%2Fwp%2Fv2%2Fcategories&post=46823"},{"taxonomy":"post_tag","embeddable":true,"href":"https:\/\/estado29.mx\/index.php?rest_route=%2Fwp%2Fv2%2Ftags&post=46823"}],"curies":[{"name":"wp","href":"https:\/\/api.w.org\/{rel}","templated":true}]}}