{"id":46834,"date":"2019-04-23T12:57:16","date_gmt":"2019-04-23T17:57:16","guid":{"rendered":"http:\/\/estado29.mx\/?p=46834"},"modified":"2019-04-24T16:50:33","modified_gmt":"2019-04-24T21:50:33","slug":"la-tierra-que-estamos-matando","status":"publish","type":"post","link":"https:\/\/estado29.mx\/?p=46834","title":{"rendered":"La tierra que estamos matando\ufeff"},"content":{"rendered":"\n<p>Este lunes 22 de abril se conmemor\u00f3 el D\u00eda Mundial de la Tierra, una fecha que estableci\u00f3 &nbsp;la &nbsp;Organizaci\u00f3n de las Naciones Unidas (ONU) &nbsp;con el objetivo de alcanzar un justo equilibrio entre las necesidades econ\u00f3micas, las sociales y las ambientales de las generaciones presentes y futuras, y para promover la armon\u00eda con la naturaleza y la Tierra.<\/p>\n\n\n\n<p>Sin embargo la humanidad (hombres y mujeres de todas\nlas edades), estamos &nbsp;detr\u00e1s del declive\nde la biodiversidad del planeta, que ahora amenaza su bienestar y lo enfrenta a\nla primera extinci\u00f3n masiva de especies desde la desaparici\u00f3n de los\ndinosaurios.<\/p>\n\n\n\n<p>La Plataforma Intergubernamental sobre Biodiversidad y\nServicios de los Ecosistemas (IPBES) present\u00f3 en abril de 2018 un diagn\u00f3stico\ndel estado de la flora y fauna en el mundo.<\/p>\n\n\n\n<p>Aqu\u00ed &nbsp;las\nprincipales cifras <sup>1<\/sup><\/p>\n\n\n\n<p><strong>Am\u00e9rica<\/strong><\/p>\n\n\n\n<p>&nbsp;1. La regi\u00f3n tiene el 13% de la poblaci\u00f3n de la\ntierra, pero genera casi el 25% del impacto mundial sobre la biodiversidad.<\/p>\n\n\n\n<p>2. M\u00e1s del 50% de la poblaci\u00f3n de esta regi\u00f3n, &nbsp;tiene problemas de agua.<\/p>\n\n\n\n<p>3. Con el escenario actual del cambio clim\u00e1tico, se\nespera que el 40% de la biodiversidad original del continente se pierda para\n2050. Actualmente el da\u00f1o abarca el 31%.<\/p>\n\n\n\n<p>4.&nbsp;El 17% de la Amazon\u00eda se transform\u00f3 en zonas\ncolonizadas por los humanos desde la Conquista europea en el siglo XV.<\/p>\n\n\n\n<p>5. El impacto ecol\u00f3gico en cada subregi\u00f3n americana ha\naumentado entre 200 y 300% desde 1960.<\/p>\n\n\n\n<p><strong>\u00c1frica<\/strong><\/p>\n\n\n\n<p>&nbsp;1. Unos 500 mil kil\u00f3metros cuadrados est\u00e1n\ndegradados por la deforestaci\u00f3n, agricultura no sostenible, erosi\u00f3n, miner\u00eda\nilegal, cambio clim\u00e1tico o invasi\u00f3n de especies no nativas.<\/p>\n\n\n\n<p>2. M\u00e1s del 50% de las especies de mam\u00edferos y aves de\n\u00c1frica podr\u00edan extinguirse para 2100 por el cambio clim\u00e1tico.<\/p>\n\n\n\n<p>3. Se prev\u00e9 que la productividad de los lagos africanos\nse reduzca entre un 20 y 30% para 2100.<\/p>\n\n\n\n<p>4. El 25% de los 930 millones de habitantes del \u00c1frica\nsubsahariana padecen hambrunas y malnutrici\u00f3n. Esta es la regi\u00f3n con m\u00e1s\ndeficiencias de comida en el mundo.<\/p>\n\n\n\n<p>5. Cerca del 62% de la poblaci\u00f3n rural africana depende\ndirectamente de la naturaleza salvaje para sobrevivir.<\/p>\n\n\n\n<p><strong>As\u00eda-Pac\u00edfico<\/strong><\/p>\n\n\n\n<p>&nbsp;1. Los peces para consumo humano se podr\u00edan\nacabar en este lugar para 2048 si se mantienen las pr\u00e1cticas actuales de pesca.<\/p>\n\n\n\n<p>2. Hasta el 90% de los corales podr\u00edan sufrir un\n&#8220;severo da\u00f1o&#8221; para 2050 por el cambio clim\u00e1tico.<\/p>\n\n\n\n<p>3. Alrededor del 45% de las especies y h\u00e1bitats se\nperder\u00e1n para 2050 si contin\u00faa la misma visi\u00f3n empresarial del mundo.<\/p>\n\n\n\n<p>4. Los r\u00edos m\u00e1s contaminados del mundo est\u00e1n en Asia,\npues ocho de cada diez est\u00e1n en p\u00e9simas condiciones.<\/p>\n\n\n\n<p>5. El 25% de las especies end\u00e9micas del continente\nest\u00e1n amenazadas.<\/p>\n\n\n\n<p><strong>Europa y Asia Central<\/strong><\/p>\n\n\n\n<p>&nbsp;1. El 25% de la tierra para la agricultura en la\nUni\u00f3n Europea y el 23% de la de Asia Central est\u00e1n afectadas por la\nerosi\u00f3n.&nbsp;<\/p>\n\n\n\n<p>2. Ha habido una reducci\u00f3n del 15% en la disponibilidad\nper c\u00e1pita del agua desde 1990.<\/p>\n\n\n\n<p>3. El 27% de las especies marinas europeas muestran\nestados desfavorables de conservaci\u00f3n.<\/p>\n\n\n\n<p>4. El 26. 6% de especies de peces han visto reducida su\npoblaci\u00f3n por la pesca insostenible, degradaci\u00f3n de su h\u00e1bitat, cambio\nclim\u00e1tico o invasi\u00f3n de especies for\u00e1neas.<\/p>\n\n\n\n<p>5. La poblaci\u00f3n de anfibios se ha reducido 60% en la\n\u00faltima d\u00e9cada.<\/p>\n\n\n\n<p><strong>Otros datos globales<\/strong><\/p>\n\n\n\n<p>&nbsp;1. Dos especies de vertebrados desaparecen en\npromedio cada a\u00f1o desde hace un siglo.&nbsp;<\/p>\n\n\n\n<p>2. La tierra est\u00e1 experimentando en la actualidad una\n&#8220;extinci\u00f3n masiva&#8221;, la primera desde la desaparici\u00f3n de los\ndinosaurios hace unos 65 millones de a\u00f1os, la sexta en 500 millones de a\u00f1os y\nla primera provocada por la humanidad. <\/p>\n\n\n\n<p>3. Cerca del 41% de los anfibios y m\u00e1s de una cuarta\nparte de los mam\u00edferos est\u00e1n en peligro de extinci\u00f3n.&nbsp;<\/p>\n\n\n\n<p>4. Un total de 25 mil 821 especies (28.2%) que figuran\nen la Lista Roja de la Uni\u00f3n Internacional para la Conservaci\u00f3n de la\nNaturaleza (IUCN) -actualizada en 2017-, han sido clasificadas como\n&#8220;amenazadas&#8221;.<\/p>\n\n\n\n<p><strong>\u00bfY ante el\ndesastre qu\u00e9 hacemos?<\/strong><\/p>\n\n\n\n<p>\u00bfActuamos o s\u00f3lo somos un p\u00fablico\nespectador y cr\u00edtico?&nbsp; <\/p>\n\n\n\n<p>\u00bfSeparamos la basura en nuestras\ncasas y en nuestro trabajo?<\/p>\n\n\n\n<p>\u00bfDividimos vidrio, cart\u00f3n, pl\u00e1stico,\nPet, pilas, aparatos electrodom\u00e9sticos, &nbsp;equipo &nbsp;de\nc\u00f3mputo o de celulares, focos, agujas o jeringas?<\/p>\n\n\n\n<p>\u00bfPortamos en nuestro auto una bolsa\npara depositar la basura que generamos o deliberadamente sacamos la mano por la\nventanilla del auto \u2013o si caminamos por la calle- y sin el menor escr\u00fapulo\ntiramos lo que sea, &nbsp;latas&nbsp; de refresco o cerveza, envases de vidrio,\npapel higi\u00e9nico o servilletas, vasos desechables, chicles, popotes e incluso\nhasta pa\u00f1ales desechables bajo el argumento que es basura?<\/p>\n\n\n\n<p>\u00bfSeparamos todo el desperdicio\norg\u00e1nico que se genera en la cocina de nuestra casa, en el negocio o en la\nempresa?<\/p>\n\n\n\n<p>\u00bfComo empresarios \u2013sin importar el\ntama\u00f1o de nuestra empresa o negocio-, manejamos adecuadamente los residuos? <\/p>\n\n\n\n<p>Habr\u00eda que visitar los r\u00edos Zahuapan\ny Atoyac,&nbsp; la laguna de Acuitlapilco y la\nde Atlangatepec, que de ser fuentes de vida, ahora son afluentes de muerte &nbsp;de flora y fauna; as\u00ed como causantes enfermedades,\naunque la autoridad se niegue a reconocerlo y nadie se hace responsable. <\/p>\n\n\n\n<p>\u00bfCuando &nbsp;va a la playa junta su basura, evita consumir\nunicel, pl\u00e1stico o envases de lata y vidrio, o por lo menos lo deposita en el\nbote para basura y obvia hacer sus necesidades fisiol\u00f3gicas en la playa? <\/p>\n\n\n\n<p>Porque al respecto la Comisi\u00f3n Federal para la Protecci\u00f3n de\nRiesgos Sanitarios (Cofepris)&nbsp; revel\u00f3 hace unos\nd\u00edas las 10 playas m\u00e1s contaminadas del pa\u00eds, por heces fecales, siendo \u00e9stas:\nla de Sayulita, localizada en Bah\u00eda de Banderas en la costa de Nayarit, le\nsiguen Suave y Hornos de Acapulco, Guerrero; Puerto Angelito y la principal de\nPuerto Escondido en Oaxaca, as\u00ed como Playa Ant\u00f3n Lizardo de Veracruz; Golfo de\nSanta Clara Machorro y Santa Clara Pueblo Palapa en San Luis Colorado, Sonora;\nSantiago en Manzanillo, Colima y Norte y Centro en Isla Mujeres, Quintana Roo.<\/p>\n\n\n\n<p>\u00bfEvita llevar a su perro a la playa\npara pasear o hacer sus necesidades fisiol\u00f3gicas o cuando lo saca a la calle\nrecoge las heces fecales?<\/p>\n\n\n\n<p>\u00bfCuida el agua en su casa y en el trabajo?\n<\/p>\n\n\n\n<p>La lista de lo que podemos hacer es\ninmensa, pero es evidente que no queremos hacernos responsables, no educamos a\nnuestras hijas e hijos en acciones que preserven nuestro medio ambiente m\u00e1s\ncercano y con la poblaci\u00f3n adulta ya no queremos lidiar.<\/p>\n\n\n\n<p>Criticar es muy f\u00e1cil, el domingo por\nla noche fuimos espectadores de im\u00e1genes muy lamentables en nuestra majestuosa\nmonta\u00f1a Malintzi, pues en la parte m\u00e1s alta se observaba una extensa l\u00ednea de\nfuego voraz que nos dej\u00f3 un desagradable sabor de boca a kil\u00f3metros de\ndistancia.<\/p>\n\n\n\n<p>Lo lamentamos y nos sorprendimos. Diversas\nredes sociales&nbsp; como Facebook, Whats App\ne Instagram fueron el desfogue de centenas de comentarios que lamentaban,\ncriticaban y ofend\u00edan tanto a las autoridades como a quienes hab\u00edan visitado la\nmonta\u00f1a y dejaron una fogata mal apagada, pues al parecer esa fue la causa de la\ntragedia ambiental que afect\u00f3 a cerca de 77 hect\u00e1reas de zacat\u00f3n y no hubo\nda\u00f1os cuantiosos a \u00e1rboles maduros, flora, fauna o p\u00e9rdida de vidas humanas,\npero insisto \u00bfqu\u00e9 hacemos en lo individual?<\/p>\n\n\n\n<p>Dejemos de criticar y actuemos, y no,\n&nbsp;no defiendo a nadie, pero es necesario\nno dejar la plena &nbsp;responsabilidad del\ncuidado de la tierra a las autoridades, porque el cuidado del medio ambiente es\nuna acci\u00f3n com\u00fan y tambi\u00e9n individual, no exijamos lo que no hacemos, seamos\nconscientes,&nbsp; sensibles&nbsp; y respetuosos con nuestra casa com\u00fan, &nbsp;que es la &nbsp;madre tierra.<\/p>\n\n\n\n<p><sup>1 <\/sup><a href=\"https:\/\/elnuevosiglo.com.co\/articulos\/03-2018-dano-ambiental-del-planeta-en-20-cifras\">https:\/\/elnuevosiglo.com.co\/articulos\/03-2018-dano-ambiental-del-planeta-en-20-cifras<\/a><sup><\/sup><\/p>\n\n\n\n<ul class=\"wp-block-list\"><li><strong>Red Nacional de\nPeriodistas<\/strong><\/li><\/ul>\n","protected":false},"excerpt":{"rendered":"<p>Este lunes 22 de abril se conmemor\u00f3 el D\u00eda Mundial de la Tierra, una fecha que estableci\u00f3 &nbsp;la &nbsp;Organizaci\u00f3n de las Naciones Unidas (ONU) &nbsp;con el objetivo de alcanzar un justo equilibrio entre las necesidades econ\u00f3micas, las sociales y las ambientales de las generaciones presentes y futuras, y para promover la armon\u00eda con la naturaleza [&hellip;]<\/p>\n","protected":false},"author":32,"featured_media":0,"comment_status":"open","ping_status":"open","sticky":false,"template":"","format":"standard","meta":{"om_disable_all_campaigns":false,"_monsterinsights_skip_tracking":false,"_monsterinsights_sitenote_active":false,"_monsterinsights_sitenote_note":"","_monsterinsights_sitenote_category":0,"jnews-multi-image_gallery":[],"jnews_single_post":[],"jnews_primary_category":[],"footnotes":""},"categories":[],"tags":[],"class_list":["post-46834","post","type-post","status-publish","format-standard","hentry"],"aioseo_notices":[],"_links":{"self":[{"href":"https:\/\/estado29.mx\/index.php?rest_route=\/wp\/v2\/posts\/46834","targetHints":{"allow":["GET"]}}],"collection":[{"href":"https:\/\/estado29.mx\/index.php?rest_route=\/wp\/v2\/posts"}],"about":[{"href":"https:\/\/estado29.mx\/index.php?rest_route=\/wp\/v2\/types\/post"}],"author":[{"embeddable":true,"href":"https:\/\/estado29.mx\/index.php?rest_route=\/wp\/v2\/users\/32"}],"replies":[{"embeddable":true,"href":"https:\/\/estado29.mx\/index.php?rest_route=%2Fwp%2Fv2%2Fcomments&post=46834"}],"version-history":[{"count":2,"href":"https:\/\/estado29.mx\/index.php?rest_route=\/wp\/v2\/posts\/46834\/revisions"}],"predecessor-version":[{"id":46912,"href":"https:\/\/estado29.mx\/index.php?rest_route=\/wp\/v2\/posts\/46834\/revisions\/46912"}],"wp:attachment":[{"href":"https:\/\/estado29.mx\/index.php?rest_route=%2Fwp%2Fv2%2Fmedia&parent=46834"}],"wp:term":[{"taxonomy":"category","embeddable":true,"href":"https:\/\/estado29.mx\/index.php?rest_route=%2Fwp%2Fv2%2Fcategories&post=46834"},{"taxonomy":"post_tag","embeddable":true,"href":"https:\/\/estado29.mx\/index.php?rest_route=%2Fwp%2Fv2%2Ftags&post=46834"}],"curies":[{"name":"wp","href":"https:\/\/api.w.org\/{rel}","templated":true}]}}