{"id":46840,"date":"2019-04-23T13:15:46","date_gmt":"2019-04-23T18:15:46","guid":{"rendered":"http:\/\/estado29.mx\/?p=46840"},"modified":"2019-04-23T13:09:06","modified_gmt":"2019-04-23T18:09:06","slug":"solo-con-opinion-participa-la-sefoa-en-la-distribucion-de-175-mdp-para-el-sector-primario","status":"publish","type":"post","link":"https:\/\/estado29.mx\/?p=46840","title":{"rendered":"S\u00f3lo con opini\u00f3n participa la Sefoa en la distribuci\u00f3n de 175 mdp para el sector primario"},"content":{"rendered":"\n<p><em>La sugerencia de la\nSEFOA al congreso local e tiene ver con la calidad y sanidad<\/em><\/p>\n\n\n\n<p>En la distribuci\u00f3n de 175 millones de pesos del Fondo de\nAcciones de Fortalecimiento al Campo, que aprob\u00f3 la LXIII legislatura local en\nsu presupuesto de Egresos 2019 para los 60 municipios para el sector primario, la\nSecretar\u00eda de Fomento Agropecuario (SEFOA) no participar\u00e1, asegur\u00f3 el titular,\nJos\u00e9 Luis Ram\u00edrez Conde.<\/p>\n\n\n\n<p>De acuerdo al presupuesto la mayor apuesta ser\u00e1 obra p\u00fablica\ny campo en Tlaxcala, y ser\u00e1 ejecutado 404 millones 500 mil pesos en apoyo a\nmunicipios y en el sector primario. <\/p>\n\n\n\n<p>\u201cLa participaci\u00f3n de la SEFOA no est\u00e1 contemplada en el\ndecreto 80, se nos pidi\u00f3 algunas opiniones pero de manera legal no. Estamos al\nmargen porque as\u00ed viene el decreto 80\u201d, sentenci\u00f3.<\/p>\n\n\n\n<p>Detall\u00f3 que la sugerencia de la SEFOA al congreso local tiene\nver con la calidad y sanidad. \u201cHicimos sugerencias, opiniones en el sentido de\ncuidar, no dudamos que tengan la intensi\u00f3n de ayudar a nuestra gente, pero si\nrecomendaciones para cuidar calidades y la sanidad, son algunas cuestiones\ndeben cuidar para evitar que en alg\u00fan momento se tengan insumos de mala calidad\nu otras cuestiones como sanidad, la dotaci\u00f3n de animales que es una cuesti\u00f3n que\ndebemos cuidar\u201d, explic\u00f3.<\/p>\n\n\n\n<p>En otro tema, rechaz\u00f3 que existan afectaciones, esto por\nel atraso de las lluvias en la entidad, pero si se ha dado demora en la siembra\nde granos en la mayor parte del estado<\/p>\n\n\n\n<p>\u201cNos tiene al pendiente el retraso, mucha de la gente no\nest\u00e1 sembrando est\u00e1n esperando que se normalice la temporada de lluvias y\ntenemos una situaci\u00f3n at\u00edpica falta de agua y temperaturas elevadas y esperamos\nque se normalice, la gente sigue prepar\u00e1ndose e iniciar a la siembra\u201d, refiri\u00f3.<\/p>\n\n\n\n<p>En Tlaxcala se siembra m\u00e1s de 200 mil hect\u00e1reas, la\nmayor\u00eda de ellas de ma\u00edz y otros productores est\u00e1n apostando a otro tipo de\ncultivo, como la avena.<\/p>\n","protected":false},"excerpt":{"rendered":"<p>La sugerencia de la SEFOA al congreso local e tiene ver con la calidad y sanidad En la distribuci\u00f3n de 175 millones de pesos del Fondo de Acciones de Fortalecimiento al Campo, que aprob\u00f3 la LXIII legislatura local en su presupuesto de Egresos 2019 para los 60 municipios para el sector primario, la Secretar\u00eda de [&hellip;]<\/p>\n","protected":false},"author":28,"featured_media":0,"comment_status":"open","ping_status":"open","sticky":false,"template":"","format":"standard","meta":{"om_disable_all_campaigns":false,"_monsterinsights_skip_tracking":false,"_monsterinsights_sitenote_active":false,"_monsterinsights_sitenote_note":"","_monsterinsights_sitenote_category":0,"jnews-multi-image_gallery":[],"jnews_single_post":[],"jnews_primary_category":[],"footnotes":""},"categories":[],"tags":[],"class_list":["post-46840","post","type-post","status-publish","format-standard","hentry"],"aioseo_notices":[],"_links":{"self":[{"href":"https:\/\/estado29.mx\/index.php?rest_route=\/wp\/v2\/posts\/46840","targetHints":{"allow":["GET"]}}],"collection":[{"href":"https:\/\/estado29.mx\/index.php?rest_route=\/wp\/v2\/posts"}],"about":[{"href":"https:\/\/estado29.mx\/index.php?rest_route=\/wp\/v2\/types\/post"}],"author":[{"embeddable":true,"href":"https:\/\/estado29.mx\/index.php?rest_route=\/wp\/v2\/users\/28"}],"replies":[{"embeddable":true,"href":"https:\/\/estado29.mx\/index.php?rest_route=%2Fwp%2Fv2%2Fcomments&post=46840"}],"version-history":[{"count":1,"href":"https:\/\/estado29.mx\/index.php?rest_route=\/wp\/v2\/posts\/46840\/revisions"}],"predecessor-version":[{"id":46843,"href":"https:\/\/estado29.mx\/index.php?rest_route=\/wp\/v2\/posts\/46840\/revisions\/46843"}],"wp:attachment":[{"href":"https:\/\/estado29.mx\/index.php?rest_route=%2Fwp%2Fv2%2Fmedia&parent=46840"}],"wp:term":[{"taxonomy":"category","embeddable":true,"href":"https:\/\/estado29.mx\/index.php?rest_route=%2Fwp%2Fv2%2Fcategories&post=46840"},{"taxonomy":"post_tag","embeddable":true,"href":"https:\/\/estado29.mx\/index.php?rest_route=%2Fwp%2Fv2%2Ftags&post=46840"}],"curies":[{"name":"wp","href":"https:\/\/api.w.org\/{rel}","templated":true}]}}