{"id":46847,"date":"2019-04-23T14:30:44","date_gmt":"2019-04-23T19:30:44","guid":{"rendered":"http:\/\/estado29.mx\/?p=46847"},"modified":"2019-04-23T14:56:55","modified_gmt":"2019-04-23T19:56:55","slug":"detecta-la-aeet-zonas-rojas-en-el-robo-de-mercancias-y-de-transporte-de-carga","status":"publish","type":"post","link":"https:\/\/estado29.mx\/?p=46847","title":{"rendered":"Detecta la AEET \u201czonas rojas\u201d en el robo de mercanc\u00edas y de transporte de carga"},"content":{"rendered":"\n<p><em>Calpulalpan y el Arco\nNorte<\/em><\/p>\n\n\n\n<p>El presidente de la Asociaci\u00f3n de Empresas y Empresarios\nde Tlaxcala (AEET), Iv\u00e1n Guarneros G\u00f3mez, puntualiz\u00f3 que tienen ubicadas \u201czonas\nrojas\u201d en el robo de mercanc\u00edas y de transporte de carga, ante ello, la &nbsp;Iniciativa Privada de Tlaxcala extrema medidas,\na fin de eliminar la delincuencia que afecta a este sector.<\/p>\n\n\n\n<p>Indic\u00f3 que las v\u00edas comunicaci\u00f3n detectadas con este tipo\nde il\u00edcitos son Tequexquitla, Calpulalpan y el Arco Norte, por lo que los\nagremiados optaron por la contrataci\u00f3n de custodios e instalaci\u00f3n de c\u00e1maras de\nvideovigilancia, entre otras estrategias.<\/p>\n\n\n\n<p>Y ante los nulos resultados de las investigaciones para\ndetener a los culpables, dijo que los empresarios prefieren no denunciar, a\npesar que al mes, son de dos y tres casos. <\/p>\n\n\n\n<p>Ante esto, dijo que sus costos de seguridad aumentaron\nentre 20 y 30 por ciento, esto desde el 2018, donde registraron varios robos. <\/p>\n\n\n\n<p>\u201cHay robo de mercanc\u00eda, de camiones, se est\u00e1 trabajando\ncon el gobierno estatal porque hay zonas detectadas como rojas, entonces\npedimos el apoyo, pues observamos que la inseguridad ya est\u00e1 m\u00e1s cercana a los\nparques, antes esperaban un radio de 15 a 20 kil\u00f3metros\u201d. <\/p>\n\n\n\n<p>Se\u00f1al\u00f3 que la Comisi\u00f3n Estatal de Seguridad (CES) tiene\ncontacto con la IP para recibir el respaldo, esto por complicado de la\nrecuperaci\u00f3n de los camiones.<\/p>\n","protected":false},"excerpt":{"rendered":"<p>Calpulalpan y el Arco Norte El presidente de la Asociaci\u00f3n de Empresas y Empresarios de Tlaxcala (AEET), Iv\u00e1n Guarneros G\u00f3mez, puntualiz\u00f3 que tienen ubicadas \u201czonas rojas\u201d en el robo de mercanc\u00edas y de transporte de carga, ante ello, la &nbsp;Iniciativa Privada de Tlaxcala extrema medidas, a fin de eliminar la delincuencia que afecta a este [&hellip;]<\/p>\n","protected":false},"author":28,"featured_media":0,"comment_status":"open","ping_status":"open","sticky":false,"template":"","format":"standard","meta":{"om_disable_all_campaigns":false,"_monsterinsights_skip_tracking":false,"_monsterinsights_sitenote_active":false,"_monsterinsights_sitenote_note":"","_monsterinsights_sitenote_category":0,"jnews-multi-image_gallery":[],"jnews_single_post":[],"jnews_primary_category":[],"footnotes":""},"categories":[],"tags":[],"class_list":["post-46847","post","type-post","status-publish","format-standard","hentry"],"aioseo_notices":[],"_links":{"self":[{"href":"https:\/\/estado29.mx\/index.php?rest_route=\/wp\/v2\/posts\/46847","targetHints":{"allow":["GET"]}}],"collection":[{"href":"https:\/\/estado29.mx\/index.php?rest_route=\/wp\/v2\/posts"}],"about":[{"href":"https:\/\/estado29.mx\/index.php?rest_route=\/wp\/v2\/types\/post"}],"author":[{"embeddable":true,"href":"https:\/\/estado29.mx\/index.php?rest_route=\/wp\/v2\/users\/28"}],"replies":[{"embeddable":true,"href":"https:\/\/estado29.mx\/index.php?rest_route=%2Fwp%2Fv2%2Fcomments&post=46847"}],"version-history":[{"count":2,"href":"https:\/\/estado29.mx\/index.php?rest_route=\/wp\/v2\/posts\/46847\/revisions"}],"predecessor-version":[{"id":46854,"href":"https:\/\/estado29.mx\/index.php?rest_route=\/wp\/v2\/posts\/46847\/revisions\/46854"}],"wp:attachment":[{"href":"https:\/\/estado29.mx\/index.php?rest_route=%2Fwp%2Fv2%2Fmedia&parent=46847"}],"wp:term":[{"taxonomy":"category","embeddable":true,"href":"https:\/\/estado29.mx\/index.php?rest_route=%2Fwp%2Fv2%2Fcategories&post=46847"},{"taxonomy":"post_tag","embeddable":true,"href":"https:\/\/estado29.mx\/index.php?rest_route=%2Fwp%2Fv2%2Ftags&post=46847"}],"curies":[{"name":"wp","href":"https:\/\/api.w.org\/{rel}","templated":true}]}}