{"id":46897,"date":"2019-04-24T15:26:12","date_gmt":"2019-04-24T20:26:12","guid":{"rendered":"http:\/\/estado29.mx\/?p=46897"},"modified":"2019-04-24T16:24:23","modified_gmt":"2019-04-24T21:24:23","slug":"analizara-el-gobierno-del-estado-si-se-solicita-la-presencia-de-la-guardia-nacional-en-tlaxcala","status":"publish","type":"post","link":"https:\/\/estado29.mx\/?p=46897","title":{"rendered":"Analizar\u00e1 el Gobierno del Estado si se solicita la presencia de la \u201cGuardia Nacional\u201d en Tlaxcala"},"content":{"rendered":"\n<p><em>Adem\u00e1s &nbsp;ver\u00e1n\ncu\u00e1les son las condiciones (de seguridad) y que&nbsp;\nllegado el momento se har\u00e1 un pronunciamiento puntual<\/em><\/p>\n\n\n\n<p>El Secretario de\nGobierno (Segob),&nbsp; Aar\u00f3n Prez Carro, indic\u00f3\nque analizar\u00e1n la posibilidad de que el Gobierno del Estado de Tlaxcala,\nsolicite la presencia de la \u201cGuardia Nacional\u201d para reforzar la seguridad\nen&nbsp; los puntos que por las circunstancias\ndelictivas o de inseguridad&nbsp; as\u00ed lo\nrequieran.<\/p>\n\n\n\n<p>El responsable de la\npol\u00edtica interna, manifest\u00f3 que la autoridad estatal se encuentra en la mejor\ndisposici\u00f3n&nbsp; para insertarse en&nbsp; el trabajo conjunto con el Gobierno Federal,\nno obstante,&nbsp; -dijo-que estar\u00e1n atentos a\nlas reglas de operaci\u00f3n de esta figura&nbsp; en\nmateria de seguridad, pues&nbsp; se anunci\u00f3\nque las administraciones&nbsp; estatales&nbsp; ser\u00e1n las responsables de cubrir los gastos\nde la Guardia Nacional,&nbsp; si es que la\nsolicitan para enfrentar sus \u00edndices delincuenciales.<\/p>\n\n\n\n<p>\u201cInsisto nosotros\ncomo Gobierno Estatal&nbsp; vamos a ins\u00e9rtanos\npara que exitosamente&nbsp; tengamos\nresultados&nbsp; positivos&nbsp; a favor&nbsp;\nde los tlaxcaltecas,&nbsp; hay\ncondiciones para coordinarnos con el Gobierno Federal,&nbsp; y que no exista ning\u00fan&nbsp; impedimento para que los TLAXCLATECAS&nbsp;&nbsp; gocen de la&nbsp;\nseguridad&nbsp; y la tranquilidad que\nse merecen\u201d&nbsp;&nbsp;&nbsp;&nbsp;&nbsp; <\/p>\n\n\n\n<p>Insisti\u00f3 que analizar\u00e1\nc\u00f3mo est\u00e1n las condiciones (de seguridad) y que&nbsp;\nllegado el momento se har\u00e1 un pronunciamiento puntual.<\/p>\n\n\n\n<p>Agreg\u00f3 que en el caso\nde la Gendarmer\u00eda,&nbsp;&nbsp; esa corporaci\u00f3n&nbsp; opera donde es necesario en la entidad,&nbsp; y se mantiene&nbsp;\nuna constante&nbsp; comunicaci\u00f3n con\nlos municipios,&nbsp; con las \u00e1reas\nfederales&nbsp; para&nbsp; que su presencia sea en las zonas que\nrequieren de mayor atenci\u00f3n, y puso como ejemplo los tramos carreteros de la\nzona del Carmen Tequexquitla, donde se registra el robo a transporte de carga. <\/p>\n\n\n\n<p>Entorno a la\niniciativa de crear una Fiscal\u00eda en Tlaxcala, que remplazar\u00eda a &nbsp;la Procuradur\u00eda Estatal, se\u00f1al\u00f3 que se trata\nde una propuesta que no tiene mayor implicaci\u00f3n en la impartici\u00f3n de la\njusticia&nbsp; en estos momentos, por tanto la\nley faculta al procurador a seguir en el&nbsp;\ncargo. <\/p>\n","protected":false},"excerpt":{"rendered":"<p>Adem\u00e1s &nbsp;ver\u00e1n cu\u00e1les son las condiciones (de seguridad) y que&nbsp; llegado el momento se har\u00e1 un pronunciamiento puntual El Secretario de Gobierno (Segob),&nbsp; Aar\u00f3n Prez Carro, indic\u00f3 que analizar\u00e1n la posibilidad de que el Gobierno del Estado de Tlaxcala, solicite la presencia de la \u201cGuardia Nacional\u201d para reforzar la seguridad en&nbsp; los puntos que por [&hellip;]<\/p>\n","protected":false},"author":28,"featured_media":0,"comment_status":"open","ping_status":"open","sticky":false,"template":"","format":"standard","meta":{"om_disable_all_campaigns":false,"_monsterinsights_skip_tracking":false,"_monsterinsights_sitenote_active":false,"_monsterinsights_sitenote_note":"","_monsterinsights_sitenote_category":0,"jnews-multi-image_gallery":[],"jnews_single_post":[],"jnews_primary_category":[],"footnotes":""},"categories":[],"tags":[],"class_list":["post-46897","post","type-post","status-publish","format-standard","hentry"],"aioseo_notices":[],"_links":{"self":[{"href":"https:\/\/estado29.mx\/index.php?rest_route=\/wp\/v2\/posts\/46897","targetHints":{"allow":["GET"]}}],"collection":[{"href":"https:\/\/estado29.mx\/index.php?rest_route=\/wp\/v2\/posts"}],"about":[{"href":"https:\/\/estado29.mx\/index.php?rest_route=\/wp\/v2\/types\/post"}],"author":[{"embeddable":true,"href":"https:\/\/estado29.mx\/index.php?rest_route=\/wp\/v2\/users\/28"}],"replies":[{"embeddable":true,"href":"https:\/\/estado29.mx\/index.php?rest_route=%2Fwp%2Fv2%2Fcomments&post=46897"}],"version-history":[{"count":1,"href":"https:\/\/estado29.mx\/index.php?rest_route=\/wp\/v2\/posts\/46897\/revisions"}],"predecessor-version":[{"id":46902,"href":"https:\/\/estado29.mx\/index.php?rest_route=\/wp\/v2\/posts\/46897\/revisions\/46902"}],"wp:attachment":[{"href":"https:\/\/estado29.mx\/index.php?rest_route=%2Fwp%2Fv2%2Fmedia&parent=46897"}],"wp:term":[{"taxonomy":"category","embeddable":true,"href":"https:\/\/estado29.mx\/index.php?rest_route=%2Fwp%2Fv2%2Fcategories&post=46897"},{"taxonomy":"post_tag","embeddable":true,"href":"https:\/\/estado29.mx\/index.php?rest_route=%2Fwp%2Fv2%2Ftags&post=46897"}],"curies":[{"name":"wp","href":"https:\/\/api.w.org\/{rel}","templated":true}]}}