{"id":46914,"date":"2019-04-24T21:52:21","date_gmt":"2019-04-25T02:52:21","guid":{"rendered":"http:\/\/estado29.mx\/?p=46914"},"modified":"2019-04-24T21:52:44","modified_gmt":"2019-04-25T02:52:44","slug":"anuncia-alcalde-de-cuapiaxtla-instalacion-de-camaras-de-seguridad","status":"publish","type":"post","link":"https:\/\/estado29.mx\/?p=46914","title":{"rendered":"Anuncia alcalde de Cuapiaxtla instalaci\u00f3n de c\u00e1maras de seguridad."},"content":{"rendered":"\n<p>Arturo Hern\u00e1ndez Hern\u00e1ndez, Presidente Municipal de\nCuapiaxtla, dio a&nbsp; conocer que en\npr\u00f3ximos d\u00edas, iniciar\u00e1 la instalaci\u00f3n de algunas c\u00e1maras de video vigilancia\nque adquirir\u00e1 el ayuntamiento que preside con la finalidad de continuar\npreservando la tranquilidad que caracteriza a la demarcaci\u00f3n. <\/p>\n\n\n\n<p>En entrevista para Estado 29, el alcalde, enfatiz\u00f3 que este\nproyecto se tiene contemplado desde al a\u00f1o anterior, sin embargo, por falta de\npresupuesto no pudo ser concluido, no obstante, para este 2019, ya se tiene una\npartida del presupuesto para la adquisici\u00f3n de las mismas. <\/p>\n\n\n\n<p>Este importante proyecto tendr\u00e1 una inversi\u00f3n de 700 mil\npesos y ser\u00e1n colocadas en puntos estrat\u00e9gicos y en donde se han presentado un\nalto \u00edndice de inseguridad, como escuelas, entradas y salidas del municipio as\u00ed\ncomo en algunas avenidas. <\/p>\n\n\n\n<p>Al dar inicio con el servicio de c\u00e1maras de video vigilancia\nser\u00e1n controladas desde la comisar\u00eda del municipio, sin embargo, posteriormente\nse tendr\u00e1 contacto con el C4 para su operaci\u00f3n y manejar. <\/p>\n","protected":false},"excerpt":{"rendered":"<p>Arturo Hern\u00e1ndez Hern\u00e1ndez, Presidente Municipal de Cuapiaxtla, dio a&nbsp; conocer que en pr\u00f3ximos d\u00edas, iniciar\u00e1 la instalaci\u00f3n de algunas c\u00e1maras de video vigilancia que adquirir\u00e1 el ayuntamiento que preside con la finalidad de continuar preservando la tranquilidad que caracteriza a la demarcaci\u00f3n. En entrevista para Estado 29, el alcalde, enfatiz\u00f3 que este proyecto se tiene [&hellip;]<\/p>\n","protected":false},"author":19,"featured_media":0,"comment_status":"open","ping_status":"open","sticky":false,"template":"","format":"standard","meta":{"om_disable_all_campaigns":false,"_monsterinsights_skip_tracking":false,"_monsterinsights_sitenote_active":false,"_monsterinsights_sitenote_note":"","_monsterinsights_sitenote_category":0,"jnews-multi-image_gallery":[],"jnews_single_post":[],"jnews_primary_category":[],"footnotes":""},"categories":[],"tags":[],"class_list":["post-46914","post","type-post","status-publish","format-standard","hentry"],"aioseo_notices":[],"_links":{"self":[{"href":"https:\/\/estado29.mx\/index.php?rest_route=\/wp\/v2\/posts\/46914","targetHints":{"allow":["GET"]}}],"collection":[{"href":"https:\/\/estado29.mx\/index.php?rest_route=\/wp\/v2\/posts"}],"about":[{"href":"https:\/\/estado29.mx\/index.php?rest_route=\/wp\/v2\/types\/post"}],"author":[{"embeddable":true,"href":"https:\/\/estado29.mx\/index.php?rest_route=\/wp\/v2\/users\/19"}],"replies":[{"embeddable":true,"href":"https:\/\/estado29.mx\/index.php?rest_route=%2Fwp%2Fv2%2Fcomments&post=46914"}],"version-history":[{"count":1,"href":"https:\/\/estado29.mx\/index.php?rest_route=\/wp\/v2\/posts\/46914\/revisions"}],"predecessor-version":[{"id":46917,"href":"https:\/\/estado29.mx\/index.php?rest_route=\/wp\/v2\/posts\/46914\/revisions\/46917"}],"wp:attachment":[{"href":"https:\/\/estado29.mx\/index.php?rest_route=%2Fwp%2Fv2%2Fmedia&parent=46914"}],"wp:term":[{"taxonomy":"category","embeddable":true,"href":"https:\/\/estado29.mx\/index.php?rest_route=%2Fwp%2Fv2%2Fcategories&post=46914"},{"taxonomy":"post_tag","embeddable":true,"href":"https:\/\/estado29.mx\/index.php?rest_route=%2Fwp%2Fv2%2Ftags&post=46914"}],"curies":[{"name":"wp","href":"https:\/\/api.w.org\/{rel}","templated":true}]}}