{"id":46918,"date":"2019-04-24T21:55:09","date_gmt":"2019-04-25T02:55:09","guid":{"rendered":"http:\/\/estado29.mx\/?p=46918"},"modified":"2019-04-24T21:55:31","modified_gmt":"2019-04-25T02:55:31","slug":"arranca-colecta-de-la-cruz-roja-en-cuapiaxtla-2019","status":"publish","type":"post","link":"https:\/\/estado29.mx\/?p=46918","title":{"rendered":"Arranca colecta de la Cruz Roja en Cuapiaxtla 2019."},"content":{"rendered":"\n<p>Este d\u00eda en el municipio de Cuapiaxtla, dio inicio la\ncolecta nacional de la Cruz Roja, con la finalidad de recaudar presupuesto que\nser\u00e1 destinado a la corporaci\u00f3n de dicha comuna, as\u00ed como apoyar a la misma dependencia\na nivel nacional, que este a\u00f1o se busca recaudar 360 millones de pesos. <\/p>\n\n\n\n<p>En su oportunidad Arturo Hern\u00e1ndez Hern\u00e1ndez Presidente\nMunicipal de Cuapiaxtla, invit\u00f3 a la ciudadan\u00eda a donar a esta colecta que en\ncaso de requerir de alguna emergencia esta sirva como medio de auxilio.<\/p>\n\n\n\n<p>Por su parte, Silvia Elena Rodr\u00edguez, Delegada Estatal de la\nCruz Roja Mexicana, abund\u00f3 \u201cDesafortunadamente mucha gente ha tachado a esta\ncoordinaci\u00f3n de falsa o algunas otras cosas que son falsas, necesitamos\nrecuperar la confianza de las personas y con ello continuar ayudando a quien\nm\u00e1s lo necesita en el caso de un accidente o emergencia\u201d. <\/p>\n\n\n\n<p>Por \u00faltimo el Arturo Hern\u00e1ndez Hern\u00e1ndez, se\u00f1al\u00f3 que este\na\u00f1o nuevamente ser\u00e1 entregado un apoyo mensual a la coordinaci\u00f3n de la Cruz\nRoja, delegaci\u00f3n Cuapiaxtla a fin de que pueda subsistir con los gastos que\nesta implica. <\/p>\n","protected":false},"excerpt":{"rendered":"<p>Este d\u00eda en el municipio de Cuapiaxtla, dio inicio la colecta nacional de la Cruz Roja, con la finalidad de recaudar presupuesto que ser\u00e1 destinado a la corporaci\u00f3n de dicha comuna, as\u00ed como apoyar a la misma dependencia a nivel nacional, que este a\u00f1o se busca recaudar 360 millones de pesos. En su oportunidad Arturo [&hellip;]<\/p>\n","protected":false},"author":19,"featured_media":0,"comment_status":"open","ping_status":"open","sticky":false,"template":"","format":"standard","meta":{"om_disable_all_campaigns":false,"_monsterinsights_skip_tracking":false,"_monsterinsights_sitenote_active":false,"_monsterinsights_sitenote_note":"","_monsterinsights_sitenote_category":0,"jnews-multi-image_gallery":[],"jnews_single_post":[],"jnews_primary_category":[],"footnotes":""},"categories":[],"tags":[],"class_list":["post-46918","post","type-post","status-publish","format-standard","hentry"],"aioseo_notices":[],"_links":{"self":[{"href":"https:\/\/estado29.mx\/index.php?rest_route=\/wp\/v2\/posts\/46918","targetHints":{"allow":["GET"]}}],"collection":[{"href":"https:\/\/estado29.mx\/index.php?rest_route=\/wp\/v2\/posts"}],"about":[{"href":"https:\/\/estado29.mx\/index.php?rest_route=\/wp\/v2\/types\/post"}],"author":[{"embeddable":true,"href":"https:\/\/estado29.mx\/index.php?rest_route=\/wp\/v2\/users\/19"}],"replies":[{"embeddable":true,"href":"https:\/\/estado29.mx\/index.php?rest_route=%2Fwp%2Fv2%2Fcomments&post=46918"}],"version-history":[{"count":1,"href":"https:\/\/estado29.mx\/index.php?rest_route=\/wp\/v2\/posts\/46918\/revisions"}],"predecessor-version":[{"id":46921,"href":"https:\/\/estado29.mx\/index.php?rest_route=\/wp\/v2\/posts\/46918\/revisions\/46921"}],"wp:attachment":[{"href":"https:\/\/estado29.mx\/index.php?rest_route=%2Fwp%2Fv2%2Fmedia&parent=46918"}],"wp:term":[{"taxonomy":"category","embeddable":true,"href":"https:\/\/estado29.mx\/index.php?rest_route=%2Fwp%2Fv2%2Fcategories&post=46918"},{"taxonomy":"post_tag","embeddable":true,"href":"https:\/\/estado29.mx\/index.php?rest_route=%2Fwp%2Fv2%2Ftags&post=46918"}],"curies":[{"name":"wp","href":"https:\/\/api.w.org\/{rel}","templated":true}]}}