{"id":46926,"date":"2019-04-24T21:59:20","date_gmt":"2019-04-25T02:59:20","guid":{"rendered":"http:\/\/estado29.mx\/?p=46926"},"modified":"2019-04-24T21:59:43","modified_gmt":"2019-04-25T02:59:43","slug":"se-aplicaran-9-millones-de-pesos-en-obra-publica-este-ano-en-cuapiaxtla","status":"publish","type":"post","link":"https:\/\/estado29.mx\/?p=46926","title":{"rendered":"Se aplicaran 9 millones de pesos en obra p\u00fablica este a\u00f1o en Cuapiaxtla."},"content":{"rendered":"\n<p>El Presidente Municipal de Cuapiaxtla, Arturo Hern\u00e1ndez\nHern\u00e1ndez, dio&nbsp; conocer que para este a\u00f1o\nse aplicar\u00e1n cerca de 9 millones de pesos en la comuna en menci\u00f3n, tan solo en\nobra p\u00fablica; por lo que se podr\u00e1n beneficiar principalmente los habitantes del\nmunicipio en la rehabilitaci\u00f3n de algunas avenidas, instituciones escolares\nentre otras obras que se habr\u00e1n de priorizar con el paso del tiempo. <\/p>\n\n\n\n<p>En este sentido el mun\u00edcipe de Cuapiaxtla, se\u00f1al\u00f3 que\nbuscar\u00e1 que el municipio logre beneficiarse con un mayor n\u00famero de recursos\nextraordinarios, con lo que podr\u00e1n ejecutar m\u00e1s acciones de las que se tiene\ncontempladas para este 2019. <\/p>\n\n\n\n<p>\u201cNos hemos acercado con las personas de algunas calles en\nlas cuales las condiciones no son las mejores, bien es cierto que hay muchas\notras, pero estamos priorizando a las que administraciones anteriores han\ndejado en el abandono, por no estar dentro del primer cuadro de la comuna\u201d\nabund\u00f3 el edil. <\/p>\n\n\n\n<p>Adem\u00e1s, dio a&nbsp; conocer\nque en caso de que las avenidas a rehabilitar requieran de drenaje, se aplicar\u00e1\na fin de evitar que estas sean perforadas y a su vez da\u00f1adas. <\/p>\n","protected":false},"excerpt":{"rendered":"<p>El Presidente Municipal de Cuapiaxtla, Arturo Hern\u00e1ndez Hern\u00e1ndez, dio&nbsp; conocer que para este a\u00f1o se aplicar\u00e1n cerca de 9 millones de pesos en la comuna en menci\u00f3n, tan solo en obra p\u00fablica; por lo que se podr\u00e1n beneficiar principalmente los habitantes del municipio en la rehabilitaci\u00f3n de algunas avenidas, instituciones escolares entre otras obras que [&hellip;]<\/p>\n","protected":false},"author":19,"featured_media":0,"comment_status":"open","ping_status":"open","sticky":false,"template":"","format":"standard","meta":{"om_disable_all_campaigns":false,"_monsterinsights_skip_tracking":false,"_monsterinsights_sitenote_active":false,"_monsterinsights_sitenote_note":"","_monsterinsights_sitenote_category":0,"jnews-multi-image_gallery":[],"jnews_single_post":[],"jnews_primary_category":[],"footnotes":""},"categories":[],"tags":[],"class_list":["post-46926","post","type-post","status-publish","format-standard","hentry"],"aioseo_notices":[],"_links":{"self":[{"href":"https:\/\/estado29.mx\/index.php?rest_route=\/wp\/v2\/posts\/46926","targetHints":{"allow":["GET"]}}],"collection":[{"href":"https:\/\/estado29.mx\/index.php?rest_route=\/wp\/v2\/posts"}],"about":[{"href":"https:\/\/estado29.mx\/index.php?rest_route=\/wp\/v2\/types\/post"}],"author":[{"embeddable":true,"href":"https:\/\/estado29.mx\/index.php?rest_route=\/wp\/v2\/users\/19"}],"replies":[{"embeddable":true,"href":"https:\/\/estado29.mx\/index.php?rest_route=%2Fwp%2Fv2%2Fcomments&post=46926"}],"version-history":[{"count":1,"href":"https:\/\/estado29.mx\/index.php?rest_route=\/wp\/v2\/posts\/46926\/revisions"}],"predecessor-version":[{"id":46929,"href":"https:\/\/estado29.mx\/index.php?rest_route=\/wp\/v2\/posts\/46926\/revisions\/46929"}],"wp:attachment":[{"href":"https:\/\/estado29.mx\/index.php?rest_route=%2Fwp%2Fv2%2Fmedia&parent=46926"}],"wp:term":[{"taxonomy":"category","embeddable":true,"href":"https:\/\/estado29.mx\/index.php?rest_route=%2Fwp%2Fv2%2Fcategories&post=46926"},{"taxonomy":"post_tag","embeddable":true,"href":"https:\/\/estado29.mx\/index.php?rest_route=%2Fwp%2Fv2%2Ftags&post=46926"}],"curies":[{"name":"wp","href":"https:\/\/api.w.org\/{rel}","templated":true}]}}