{"id":46944,"date":"2019-04-24T22:22:19","date_gmt":"2019-04-25T03:22:19","guid":{"rendered":"http:\/\/estado29.mx\/?p=46944"},"modified":"2019-04-24T22:22:39","modified_gmt":"2019-04-25T03:22:39","slug":"intento-de-asalto-deja-una-persona-lesionada-en-el-parque-de-huamantla-policia-descarta-robo-en-el-convento-franciscano","status":"publish","type":"post","link":"https:\/\/estado29.mx\/?p=46944","title":{"rendered":"Intento de asalto deja una persona lesionada en el parque de Huamantla; polic\u00eda descarta robo en el Convento Franciscano."},"content":{"rendered":"\n<p>Esta tarde, se present\u00f3 un intento de asalto en pleno centro de Huamantla, espec\u00edficamente en el parque Ju\u00e1rez de la ciudad, lo que dej\u00f3 una persona lesionada y un sujeto asegurado, este \u00faltimo por ser el presunto responsable de los actos ocurridos.<\/p>\n\n\n\n<p>En un principio se hablaba de que una persona de nombre Jos\u00e9 Juan N. de 41 a\u00f1os de edad y quien fue detenido por ser el presunto delincuente ingres\u00f3 al Convento Franciscano con la intenci\u00f3n de cometer algunas fechor\u00edas en el lugar, sin embargo, Direcci\u00f3n de Seguridad P\u00fablica, Tr\u00e1nsito y Protecci\u00f3n Civil Municipal desminti\u00f3 dicha versi\u00f3n.  <\/p>\n\n\n\n<p>Por lo anterior es preciso aclarar que se trat\u00f3 de un intento de robo a transe\u00fante frente al Convento Franciscano, ubicado en la zona centro de la ciudad de Huamantla, y que fue atendido de manera inmediata por los elementos de la Polic\u00eda Municipal, quienes aseguraron al presunto asaltante en las calles de Morelos esquina con Reforma, y quien fue se\u00f1alado por el afectado, quien dijo que minutos antes intent\u00f3 arrebatarle el bolso de mano que portaba.<\/p>\n\n\n\n<p> A decir del afectado al tratar de defender sus pertenencias fue agredido con arma punzocortante provoc\u00e1ndole una lesi\u00f3n en la cabeza, por lo que fue trasladado al nosocomio de la ciudad por param\u00e9dicos de la coordinaci\u00f3n de BRIASA.  <\/p>\n\n\n\n<p>El afectado interpuso su denuncia ante la agencia del Ministerio P\u00fablico de Apizaco, para que se proceda conforme a derecho, por lo que el asegurado fue trasladado al M.P. de Apizaco para que rinda su declaraci\u00f3n sobre los hechos y se actu\u00e9 conforme a la ley. <\/p>\n","protected":false},"excerpt":{"rendered":"<p>Esta tarde, se present\u00f3 un intento de asalto en pleno centro de Huamantla, espec\u00edficamente en el parque Ju\u00e1rez de la ciudad, lo que dej\u00f3 una persona lesionada y un sujeto asegurado, este \u00faltimo por ser el presunto responsable de los actos ocurridos. En un principio se hablaba de que una persona de nombre Jos\u00e9 Juan [&hellip;]<\/p>\n","protected":false},"author":19,"featured_media":0,"comment_status":"open","ping_status":"open","sticky":false,"template":"","format":"standard","meta":{"om_disable_all_campaigns":false,"_monsterinsights_skip_tracking":false,"_monsterinsights_sitenote_active":false,"_monsterinsights_sitenote_note":"","_monsterinsights_sitenote_category":0,"jnews-multi-image_gallery":[],"jnews_single_post":[],"jnews_primary_category":[],"footnotes":""},"categories":[],"tags":[],"class_list":["post-46944","post","type-post","status-publish","format-standard","hentry"],"aioseo_notices":[],"_links":{"self":[{"href":"https:\/\/estado29.mx\/index.php?rest_route=\/wp\/v2\/posts\/46944","targetHints":{"allow":["GET"]}}],"collection":[{"href":"https:\/\/estado29.mx\/index.php?rest_route=\/wp\/v2\/posts"}],"about":[{"href":"https:\/\/estado29.mx\/index.php?rest_route=\/wp\/v2\/types\/post"}],"author":[{"embeddable":true,"href":"https:\/\/estado29.mx\/index.php?rest_route=\/wp\/v2\/users\/19"}],"replies":[{"embeddable":true,"href":"https:\/\/estado29.mx\/index.php?rest_route=%2Fwp%2Fv2%2Fcomments&post=46944"}],"version-history":[{"count":1,"href":"https:\/\/estado29.mx\/index.php?rest_route=\/wp\/v2\/posts\/46944\/revisions"}],"predecessor-version":[{"id":46947,"href":"https:\/\/estado29.mx\/index.php?rest_route=\/wp\/v2\/posts\/46944\/revisions\/46947"}],"wp:attachment":[{"href":"https:\/\/estado29.mx\/index.php?rest_route=%2Fwp%2Fv2%2Fmedia&parent=46944"}],"wp:term":[{"taxonomy":"category","embeddable":true,"href":"https:\/\/estado29.mx\/index.php?rest_route=%2Fwp%2Fv2%2Fcategories&post=46944"},{"taxonomy":"post_tag","embeddable":true,"href":"https:\/\/estado29.mx\/index.php?rest_route=%2Fwp%2Fv2%2Ftags&post=46944"}],"curies":[{"name":"wp","href":"https:\/\/api.w.org\/{rel}","templated":true}]}}