{"id":47012,"date":"2019-04-26T14:05:50","date_gmt":"2019-04-26T19:05:50","guid":{"rendered":"http:\/\/estado29.mx\/?p=47012"},"modified":"2019-04-26T14:41:19","modified_gmt":"2019-04-26T19:41:19","slug":"garantiza-el-titular-de-la-segob-atencion-medica-a-centroamericanos-que-sufrieron-un-accidente","status":"publish","type":"post","link":"https:\/\/estado29.mx\/?p=47012","title":{"rendered":"Garantiza el titular de la Segob atenci\u00f3n m\u00e9dica a centroamericanos que sufrieron un accidente"},"content":{"rendered":"\n<p><em>Neg\u00f3 que en Tlaxcala se tengan problemas de paso\nmigrantes, esto independientemente del accidente que sucedido en la entidad, ya\nque se trata de un hecho aislado, pero esto no quiere decir que no se le d\u00e9\nimportancia que requiere <\/em><\/p>\n\n\n\n<p>El Secretario de\nGobierno (SEGOB), Aar\u00f3n P\u00e9rez Carro, asever\u00f3 que est\u00e1 garantizada la atenci\u00f3n\nm\u00e9dica a centroamericanos que este viernes por la ma\u00f1ana sufrieron un accidente\nsobre la carretera federal M\u00e9xico-Veracruz, a la altura de Hueyotlipan, y que\ndej\u00f3 12 heridos, entre ellos, tres menores de edad y una personas fallecida.<\/p>\n\n\n\n<p>En entrevista,\ndestac\u00f3 que se tiene conocimiento que s\u00ed, se trata de centroamericanos, &nbsp;y el Gobierno del Estado, por conducto de la\nSecretar\u00eda de Salud (SESA), se ha instruido que se generen todos los protocolos\nnecesarios para que tengan una atenci\u00f3n oportuna.<\/p>\n\n\n\n<p>\u201cEl respeto\nirrestricto a los derechos humanos de los migrantes es una obligaci\u00f3n por parte\nde los servidores p\u00fablicos\u201d. <\/p>\n\n\n\n<p>Asimismo, neg\u00f3 que en\nTlaxcala se tengan problemas de paso migrantes, esto independientemente del\naccidente que sucedido en la entidad, ya que se trata de un hecho aislado, pero\nno quiere decir que no se le d\u00e9 importancia que requiere.<\/p>\n\n\n\n<p>&nbsp;\u201cPor el contrario, la atenci\u00f3n que resulte\nnecesaria para que estas personas tengan las atenciones para el caso de los\nservicios m\u00e9dicos y de otra naturaleza habr\u00e1 que ver la coordinaci\u00f3n con otras\nautoridades federales, me refiero a las migratorias, por una parte se respeten\nlos derechos humanos y la otra proceder conforme a derecho\u201d.<\/p>\n\n\n\n<p>Reconoci\u00f3 que por ser\nun estado donde pasa el tren, esto es aprovechado por algunas personas, desde\nluego que las autoridades de los municipios correspondientes han estado actuando,\ny ellos, como autoridades estatales est\u00e1n en coordinaci\u00f3n, para que se respeten\nlos derechos humanos y por otra evitar cualquier acto que agravie a la\nciudadan\u00eda tlaxcalteca. <\/p>\n\n\n\n<p>Aunado,&nbsp; asegur\u00f3 que en Tlaxcala ni hay polleros, y por\nello, el estado est\u00e1 libre de esa actividad il\u00edcita. <\/p>\n\n\n\n<p>En este tema, el\nProcurador General de Justicia del Estado (PGJE), Jos\u00e9 Antonio Aquiahuatl\nS\u00e1nchez, confirm\u00f3 el deceso de una personas de origen Guatemalteco, adem\u00e1s,\ndesconoce si todos eran son centroamericanos, adem\u00e1s que al momento no hay\npersonas detenidas. <\/p>\n\n\n\n<p>\u201cNosotros s\u00f3lo tomamos\nparte de la carpeta de investigaci\u00f3n de los hechos delictuosos de lesiones y de\nhomicidio, y ser\u00e1 migraci\u00f3n el responsable de los temas correspondientes,\ndeterminen la situaci\u00f3n legal en el pa\u00eds\u201d. <\/p>\n","protected":false},"excerpt":{"rendered":"<p>Neg\u00f3 que en Tlaxcala se tengan problemas de paso migrantes, esto independientemente del accidente que sucedido en la entidad, ya que se trata de un hecho aislado, pero esto no quiere decir que no se le d\u00e9 importancia que requiere El Secretario de Gobierno (SEGOB), Aar\u00f3n P\u00e9rez Carro, asever\u00f3 que est\u00e1 garantizada la atenci\u00f3n m\u00e9dica [&hellip;]<\/p>\n","protected":false},"author":28,"featured_media":0,"comment_status":"open","ping_status":"open","sticky":false,"template":"","format":"standard","meta":{"om_disable_all_campaigns":false,"_monsterinsights_skip_tracking":false,"_monsterinsights_sitenote_active":false,"_monsterinsights_sitenote_note":"","_monsterinsights_sitenote_category":0,"jnews-multi-image_gallery":[],"jnews_single_post":[],"jnews_primary_category":[],"footnotes":""},"categories":[],"tags":[],"class_list":["post-47012","post","type-post","status-publish","format-standard","hentry"],"aioseo_notices":[],"_links":{"self":[{"href":"https:\/\/estado29.mx\/index.php?rest_route=\/wp\/v2\/posts\/47012","targetHints":{"allow":["GET"]}}],"collection":[{"href":"https:\/\/estado29.mx\/index.php?rest_route=\/wp\/v2\/posts"}],"about":[{"href":"https:\/\/estado29.mx\/index.php?rest_route=\/wp\/v2\/types\/post"}],"author":[{"embeddable":true,"href":"https:\/\/estado29.mx\/index.php?rest_route=\/wp\/v2\/users\/28"}],"replies":[{"embeddable":true,"href":"https:\/\/estado29.mx\/index.php?rest_route=%2Fwp%2Fv2%2Fcomments&post=47012"}],"version-history":[{"count":3,"href":"https:\/\/estado29.mx\/index.php?rest_route=\/wp\/v2\/posts\/47012\/revisions"}],"predecessor-version":[{"id":47017,"href":"https:\/\/estado29.mx\/index.php?rest_route=\/wp\/v2\/posts\/47012\/revisions\/47017"}],"wp:attachment":[{"href":"https:\/\/estado29.mx\/index.php?rest_route=%2Fwp%2Fv2%2Fmedia&parent=47012"}],"wp:term":[{"taxonomy":"category","embeddable":true,"href":"https:\/\/estado29.mx\/index.php?rest_route=%2Fwp%2Fv2%2Fcategories&post=47012"},{"taxonomy":"post_tag","embeddable":true,"href":"https:\/\/estado29.mx\/index.php?rest_route=%2Fwp%2Fv2%2Ftags&post=47012"}],"curies":[{"name":"wp","href":"https:\/\/api.w.org\/{rel}","templated":true}]}}