{"id":47018,"date":"2019-04-26T15:11:41","date_gmt":"2019-04-26T20:11:41","guid":{"rendered":"http:\/\/estado29.mx\/?p=47018"},"modified":"2019-04-26T15:12:45","modified_gmt":"2019-04-26T20:12:45","slug":"critican-legisladores-locales-del-pan-y-panal-nueva-reforma-educativa","status":"publish","type":"post","link":"https:\/\/estado29.mx\/?p=47018","title":{"rendered":"Critican legisladores locales del PAN y Panal nueva reforma educativa"},"content":{"rendered":"\n<p>Los diputados locales de los\nPartidos Nueva Alianza (Panal) y Acci\u00f3n Nacional (PAN), Luz Guadalupe Mata Lara\ny Omar Milton L\u00f3pez Avenda\u00f1o, respectivamente, se pronunciaron en contra de la\naprobaci\u00f3n de la nueva reforma constitucional en materia de educaci\u00f3n que fue\navalada ayer en la C\u00e1mara de Diputados del Congreso de la Uni\u00f3n. <\/p>\n\n\n\n<p>Ambos legisladores,\ncoincidieron en que dicha reforma fue construida y aprobada baja presi\u00f3n, sin\ntomar en cuenta los resultados de los foros ciudadanos que se llevaron a cabo\nsobre la educaci\u00f3n, y tampoco realizaron una revisi\u00f3n a fondo la propuesta\npresentada por el titular del Poder Ejecutivo federal. <\/p>\n\n\n\n<p>Incluso, comentaron que si\nbien a\u00fan falta la discusi\u00f3n y &nbsp;aprobaci\u00f3n\nen el Senado de la Rep\u00fablica, dicha propuesta pasar\u00e1 sin problemas vali\u00e9ndose de\nque Morena es mayor\u00eda en ambas c\u00e1maras, y con ello ser\u00e1 publicada por en el\nDiario Oficial por el Poder Ejecutivo federal para su entrada en vigor. <\/p>\n\n\n\n<p>\u201cEs una realidad que la\nreforma pasar\u00e1 sin cambios ante la protesta de algunos sectores de la poblaci\u00f3n\nque se sienten ignorados por la C\u00e1mara de Diputados en sus aportaciones, pues\nsi bien se realizaron audiencias p\u00fablicas&nbsp;\nen las que otorg\u00f3 la oportunidad de escuchar a todas las voces de la\nsociedad, algunas de estas fueron ignoradas, la sociedad civil, maestros,\nlegisladores locales etc\u00e9tera, fuimos participes de una aportaci\u00f3n en estas\naudiencias; sin embargo al final solo observamos peque\u00f1os cambios a la\niniciativa de origen propuesta por el gobierno federal\u201d, critic\u00f3 la diputada.<\/p>\n\n\n\n<p>Por su parte, el diputado\ndel PAN, Omar Milton L\u00f3pez Avenda\u00f1o sostuvo que los legisladores federales de\nMorena y el mismo Gobierno Federal est\u00e1n actuando en una total contradicci\u00f3n,\npues si bien por un lado afectan el derecho superior de la ni\u00f1ez con la\neliminaci\u00f3n del programa Estancias Infantiles, ahora con la reforma constitucional\neducativa consideren la obligatoriedad de la educaci\u00f3n inicial como una forma\nde reconocer el inter\u00e9s superior de los menores. <\/p>\n\n\n\n<p>\u201cCon dicha aprobaci\u00f3n se\nhace patente que al Gobierno Federal le import\u00f3 m\u00e1s proteger y&nbsp; pagar el favor que les deb\u00eda desde la\nelecci\u00f3n federal del a\u00f1o pasado a los maestros de la CNTE sin importarle la\njuventud y ni\u00f1ez mexicana, hay que se\u00f1alarlo, en dicha reforma constitucional\u201d.\n<\/p>\n\n\n\n<p>Y agreg\u00f3 \u201ctal pareciera que\nla virtud del nuevo Gobierno Federal es desmantelar todo aquello que no sea del\nagrado del Ejecutivo Federal sin importar los da\u00f1os colaterales o directos que\npueden ocasionar sus decisiones y es contradictorio que mientras por\ndeterminaci\u00f3n del gobierno federal se suprima el programa de estancias\ninfantiles, ahora e la reforma constitucional, los diputados de mayor\u00eda Morena\naprueben considerar la obligatoriedad de la educaci\u00f3n inicial como una forma de\nreconocer el inter\u00e9s superior del menor a su etapa de primera infancia.\nAsimismo la eliminaci\u00f3n del INEE es una muestra clara de la sinraz\u00f3n pol\u00edtica y\nlegislativa pues sin tener argumentos s\u00f3lidos y datos contundentes sobre el\nfuncionamiento del instituto ahora pretende suprimir toda evaluaci\u00f3n a los\ndocentes bajo el argumento que evaluarlos es actuar de forma inquisitiva contra\nellos\u201d. <\/p>\n","protected":false},"excerpt":{"rendered":"<p>Los diputados locales de los Partidos Nueva Alianza (Panal) y Acci\u00f3n Nacional (PAN), Luz Guadalupe Mata Lara y Omar Milton L\u00f3pez Avenda\u00f1o, respectivamente, se pronunciaron en contra de la aprobaci\u00f3n de la nueva reforma constitucional en materia de educaci\u00f3n que fue avalada ayer en la C\u00e1mara de Diputados del Congreso de la Uni\u00f3n. Ambos legisladores, [&hellip;]<\/p>\n","protected":false},"author":31,"featured_media":0,"comment_status":"open","ping_status":"open","sticky":false,"template":"","format":"standard","meta":{"om_disable_all_campaigns":false,"_monsterinsights_skip_tracking":false,"_monsterinsights_sitenote_active":false,"_monsterinsights_sitenote_note":"","_monsterinsights_sitenote_category":0,"jnews-multi-image_gallery":[],"jnews_single_post":[],"jnews_primary_category":[],"footnotes":""},"categories":[],"tags":[],"class_list":["post-47018","post","type-post","status-publish","format-standard","hentry"],"aioseo_notices":[],"_links":{"self":[{"href":"https:\/\/estado29.mx\/index.php?rest_route=\/wp\/v2\/posts\/47018","targetHints":{"allow":["GET"]}}],"collection":[{"href":"https:\/\/estado29.mx\/index.php?rest_route=\/wp\/v2\/posts"}],"about":[{"href":"https:\/\/estado29.mx\/index.php?rest_route=\/wp\/v2\/types\/post"}],"author":[{"embeddable":true,"href":"https:\/\/estado29.mx\/index.php?rest_route=\/wp\/v2\/users\/31"}],"replies":[{"embeddable":true,"href":"https:\/\/estado29.mx\/index.php?rest_route=%2Fwp%2Fv2%2Fcomments&post=47018"}],"version-history":[{"count":1,"href":"https:\/\/estado29.mx\/index.php?rest_route=\/wp\/v2\/posts\/47018\/revisions"}],"predecessor-version":[{"id":47024,"href":"https:\/\/estado29.mx\/index.php?rest_route=\/wp\/v2\/posts\/47018\/revisions\/47024"}],"wp:attachment":[{"href":"https:\/\/estado29.mx\/index.php?rest_route=%2Fwp%2Fv2%2Fmedia&parent=47018"}],"wp:term":[{"taxonomy":"category","embeddable":true,"href":"https:\/\/estado29.mx\/index.php?rest_route=%2Fwp%2Fv2%2Fcategories&post=47018"},{"taxonomy":"post_tag","embeddable":true,"href":"https:\/\/estado29.mx\/index.php?rest_route=%2Fwp%2Fv2%2Ftags&post=47018"}],"curies":[{"name":"wp","href":"https:\/\/api.w.org\/{rel}","templated":true}]}}