{"id":47019,"date":"2019-04-26T15:06:29","date_gmt":"2019-04-26T20:06:29","guid":{"rendered":"http:\/\/estado29.mx\/?p=47019"},"modified":"2019-04-26T15:14:05","modified_gmt":"2019-04-26T20:14:05","slug":"se-busca-garantizar-la-integridad-fisica-y-seguridad-juridica-de-la-ciudadania","status":"publish","type":"post","link":"https:\/\/estado29.mx\/?p=47019","title":{"rendered":"Se busca garantizar la integridad f\u00edsica y seguridad jur\u00eddica de la ciudadan\u00eda"},"content":{"rendered":"\n<p><em>Se debe\nmejorar el programa de capacitaciones, esto por medio de instructores de\ncalidad para que haya polic\u00edas eficientes<\/em><\/p>\n\n\n\n<p>En el marco de la Primera Reuni\u00f3n Plenaria del\nConsejo Acad\u00e9mico de los Institutos de Formaci\u00f3n y Capacitaci\u00f3n de Seguridad\nP\u00fablica Regi\u00f3n Centro, se plante\u00f3 que se busca garantizar la integridad f\u00edsica\ny seguridad jur\u00eddica de la ciudadan\u00eda, a trav\u00e9s de la capacitaci\u00f3n y formaci\u00f3n\nde polic\u00edas, as\u00ed como del personal de procuradur\u00edas y sistema penitenciario,\nasegur\u00f3 el presidente del Consejo Acad\u00e9mico Regi\u00f3n Centro, Alberto Hidalgo\nMontes.<\/p>\n\n\n\n<p>El tambi\u00e9n rector de la Universidad Policial de la\nCiudad de M\u00e9xico, subray\u00f3 que el trabajo que hacen es elevar la calidad de la\ncapacitaci\u00f3n y de la educaci\u00f3n, para que la ciudadan\u00eda regrese segura a sus\ncasas.<\/p>\n\n\n\n<p>Asever\u00f3 que se debe mejorar el programa de\ncapacitaciones, esto por medio de instructores de calidad para que haya polic\u00edas\neficientes.<\/p>\n\n\n\n<p>En su mensaje, el Comisionado de Seguridad P\u00fablica\nen Tlaxcala (CES), Eduardo Valiente Hern\u00e1ndez que el resguardo de la ciudadan\u00eda\nse debe de cumplir con \u00e9tica y dignidad, sin caer en pr\u00e1cticas de corrupci\u00f3n.<\/p>\n\n\n\n<p>Ante los presidentes de los institutos y centros de\nformaci\u00f3n de Hidalgo, Ciudad de M\u00e9xico, Morelos, Puebla, Estado de M\u00e9xico,\nGuerrero y Tlaxcala, pidi\u00f3&nbsp;al Consejo t\u00e9cnico de la Regi\u00f3n Centro incluir\na &nbsp;la curricular de las materias de la carrera &nbsp;para polic\u00eda\npreventiva estatal y custodio penitenciario se incluya una materia denominada\npersona&nbsp; y sociedad.<\/p>\n\n\n\n<p>Por su parte, el secretario de Gobierno, Aar\u00f3n\nP\u00e9rez Carro, destac\u00f3 la importancia de llevar a la pr\u00e1ctica los conocimientos\nte\u00f3ricos, a fin de actuar con base a protocolos y de acuerdo con el Sistema\nPenal Acusatorio.<\/p>\n\n\n\n<p>Autoridades estatales develaron una placa\nconmemorativa por los 20 a\u00f1os del Instituto de Capacitaci\u00f3n y Formaci\u00f3n de\nSeguridad P\u00fablica de la CES, &nbsp;por su contribuci\u00f3n en el desarrollo del\nestado y &nbsp;en la formaci\u00f3n de generaciones de polic\u00edas comprometidos en el\nbien com\u00fan.<\/p>\n","protected":false},"excerpt":{"rendered":"<p>Se debe mejorar el programa de capacitaciones, esto por medio de instructores de calidad para que haya polic\u00edas eficientes En el marco de la Primera Reuni\u00f3n Plenaria del Consejo Acad\u00e9mico de los Institutos de Formaci\u00f3n y Capacitaci\u00f3n de Seguridad P\u00fablica Regi\u00f3n Centro, se plante\u00f3 que se busca garantizar la integridad f\u00edsica y seguridad jur\u00eddica de [&hellip;]<\/p>\n","protected":false},"author":28,"featured_media":0,"comment_status":"open","ping_status":"open","sticky":false,"template":"","format":"standard","meta":{"om_disable_all_campaigns":false,"_monsterinsights_skip_tracking":false,"_monsterinsights_sitenote_active":false,"_monsterinsights_sitenote_note":"","_monsterinsights_sitenote_category":0,"jnews-multi-image_gallery":[],"jnews_single_post":[],"jnews_primary_category":[],"footnotes":""},"categories":[],"tags":[],"class_list":["post-47019","post","type-post","status-publish","format-standard","hentry"],"aioseo_notices":[],"_links":{"self":[{"href":"https:\/\/estado29.mx\/index.php?rest_route=\/wp\/v2\/posts\/47019","targetHints":{"allow":["GET"]}}],"collection":[{"href":"https:\/\/estado29.mx\/index.php?rest_route=\/wp\/v2\/posts"}],"about":[{"href":"https:\/\/estado29.mx\/index.php?rest_route=\/wp\/v2\/types\/post"}],"author":[{"embeddable":true,"href":"https:\/\/estado29.mx\/index.php?rest_route=\/wp\/v2\/users\/28"}],"replies":[{"embeddable":true,"href":"https:\/\/estado29.mx\/index.php?rest_route=%2Fwp%2Fv2%2Fcomments&post=47019"}],"version-history":[{"count":1,"href":"https:\/\/estado29.mx\/index.php?rest_route=\/wp\/v2\/posts\/47019\/revisions"}],"predecessor-version":[{"id":47025,"href":"https:\/\/estado29.mx\/index.php?rest_route=\/wp\/v2\/posts\/47019\/revisions\/47025"}],"wp:attachment":[{"href":"https:\/\/estado29.mx\/index.php?rest_route=%2Fwp%2Fv2%2Fmedia&parent=47019"}],"wp:term":[{"taxonomy":"category","embeddable":true,"href":"https:\/\/estado29.mx\/index.php?rest_route=%2Fwp%2Fv2%2Fcategories&post=47019"},{"taxonomy":"post_tag","embeddable":true,"href":"https:\/\/estado29.mx\/index.php?rest_route=%2Fwp%2Fv2%2Ftags&post=47019"}],"curies":[{"name":"wp","href":"https:\/\/api.w.org\/{rel}","templated":true}]}}