{"id":47026,"date":"2019-04-26T15:50:00","date_gmt":"2019-04-26T20:50:00","guid":{"rendered":"http:\/\/estado29.mx\/?p=47026"},"modified":"2019-04-26T15:50:28","modified_gmt":"2019-04-26T20:50:28","slug":"localiza-pgje-a-menor-reportada-como-desaparecida","status":"publish","type":"post","link":"https:\/\/estado29.mx\/?p=47026","title":{"rendered":"Localiza PGJE a menor reportada como desaparecida"},"content":{"rendered":"\n<p><strong>L<\/strong> <em>La menor abandon\u00f3 su domicilio por problemas personales.<\/em><\/p>\n\n\n\n<p>Bajo el estricto cumplimiento de los protocolos de b\u00fasqueda de personas desde el primer momento del reporte de su no localizaci\u00f3n, la Procuradur\u00eda General de Justicia del Estado (PGJE) a trav\u00e9s de la Polic\u00eda de Investigaci\u00f3n ubic\u00f3 a una menor de edad reportada como extraviada.<\/p>\n\n\n\n<p>La denuncia de no localizaci\u00f3n fue interpuesta por la madre ante el Agente del Ministerio P\u00fabico, quien inici\u00f3 la indagatoria correspondiente.<\/p>\n\n\n\n<p>Lo anterior, luego que se informara que Victoria N., de 17 a\u00f1os de edad, fue vista por \u00faltima vez el 19 de abril del a\u00f1o en curso,&nbsp;cuando sali\u00f3 de su domicilio ubicado en el municipio de Contla de Juan Cuamatzi.<\/p>\n\n\n\n<p>Desde ese momento, la Polic\u00eda de Investigaci\u00f3n le brind\u00f3 la atenci\u00f3n y orientaci\u00f3n necesaria que ameritaba la delicadeza del caso, adem\u00e1s los detectives utilizaron los protocolos de b\u00fasqueda de personas.<\/p>\n\n\n\n<p>Tras varias diligencias, los investigadores realizaron recorridos de b\u00fasqueda en el municipio de Contla de Juan Cuamatzi, espec\u00edficamente en el centro de esa demarcaci\u00f3n; de esta manera, se percataron que una menor con las caracter\u00edsticas descritas en la querella correspond\u00edan a la joven.<\/p>\n\n\n\n<p>Al acercarse a la adolescente, los oficiales le informaron la situaci\u00f3n que prevalec\u00eda, por lo que fue presentada ante el Agente del Ministerio P\u00fablico, al tiempo que declar\u00f3 que en ning\u00fan momento fue privada de su libertad y que sali\u00f3 de su hogar por voluntad propia por problemas familiares.<\/p>\n\n\n\n<p>Con estas acciones el Gobierno del Estado a trav\u00e9s de la Procuradur\u00eda General de Justicia del Estado (PGJE) refrenda su compromiso de atender y brindar el apoyo necesario a los familiares de las personas no localizadas, a fin de garantizar la estabilidad y paz social de los tlaxcaltecas.<\/p>\n","protected":false},"excerpt":{"rendered":"<p>L La menor abandon\u00f3 su domicilio por problemas personales. Bajo el estricto cumplimiento de los protocolos de b\u00fasqueda de personas desde el primer momento del reporte de su no localizaci\u00f3n, la Procuradur\u00eda General de Justicia del Estado (PGJE) a trav\u00e9s de la Polic\u00eda de Investigaci\u00f3n ubic\u00f3 a una menor de edad reportada como extraviada. La [&hellip;]<\/p>\n","protected":false},"author":12,"featured_media":0,"comment_status":"open","ping_status":"open","sticky":false,"template":"","format":"standard","meta":{"om_disable_all_campaigns":false,"_monsterinsights_skip_tracking":false,"_monsterinsights_sitenote_active":false,"_monsterinsights_sitenote_note":"","_monsterinsights_sitenote_category":0,"jnews-multi-image_gallery":[],"jnews_single_post":[],"jnews_primary_category":[],"footnotes":""},"categories":[],"tags":[],"class_list":["post-47026","post","type-post","status-publish","format-standard","hentry"],"aioseo_notices":[],"_links":{"self":[{"href":"https:\/\/estado29.mx\/index.php?rest_route=\/wp\/v2\/posts\/47026","targetHints":{"allow":["GET"]}}],"collection":[{"href":"https:\/\/estado29.mx\/index.php?rest_route=\/wp\/v2\/posts"}],"about":[{"href":"https:\/\/estado29.mx\/index.php?rest_route=\/wp\/v2\/types\/post"}],"author":[{"embeddable":true,"href":"https:\/\/estado29.mx\/index.php?rest_route=\/wp\/v2\/users\/12"}],"replies":[{"embeddable":true,"href":"https:\/\/estado29.mx\/index.php?rest_route=%2Fwp%2Fv2%2Fcomments&post=47026"}],"version-history":[{"count":1,"href":"https:\/\/estado29.mx\/index.php?rest_route=\/wp\/v2\/posts\/47026\/revisions"}],"predecessor-version":[{"id":47029,"href":"https:\/\/estado29.mx\/index.php?rest_route=\/wp\/v2\/posts\/47026\/revisions\/47029"}],"wp:attachment":[{"href":"https:\/\/estado29.mx\/index.php?rest_route=%2Fwp%2Fv2%2Fmedia&parent=47026"}],"wp:term":[{"taxonomy":"category","embeddable":true,"href":"https:\/\/estado29.mx\/index.php?rest_route=%2Fwp%2Fv2%2Fcategories&post=47026"},{"taxonomy":"post_tag","embeddable":true,"href":"https:\/\/estado29.mx\/index.php?rest_route=%2Fwp%2Fv2%2Ftags&post=47026"}],"curies":[{"name":"wp","href":"https:\/\/api.w.org\/{rel}","templated":true}]}}