{"id":47035,"date":"2019-04-26T15:53:39","date_gmt":"2019-04-26T20:53:39","guid":{"rendered":"http:\/\/estado29.mx\/?p=47035"},"modified":"2019-04-26T15:54:10","modified_gmt":"2019-04-26T20:54:10","slug":"por-disposicion-federal-canje-de-placas-secte","status":"publish","type":"post","link":"https:\/\/estado29.mx\/?p=47035","title":{"rendered":"Por disposici\u00f3n federal, canje de placas: SECTE"},"content":{"rendered":"\n<p><strong>P<\/strong>Por disposici\u00f3n federal, a trav\u00e9s del acuerdo publicado el 25 de septiembre del 2000, todas las entidades del pa\u00eds deber\u00e1n realizar el cambio de placas cada tres a\u00f1os, inform\u00f3 No\u00e9 Rodr\u00edguez Rold\u00e1n, titular de la Secretar\u00eda de Comunicaciones y Transportes del Estado (Secte).<\/p>\n\n\n\n<p>Rodr\u00edguez Rold\u00e1n record\u00f3 que el a\u00f1o pasado en Tlaxcala no se llev\u00f3 a cabo el canje de placas correspondiente, como medida del Gobierno Estatal para apoyar la econom\u00eda de las familias de la entidad, por lo que este 2019 es necesario que los propietarios de veh\u00edculos acudan a realizar el tr\u00e1mite.&nbsp;<\/p>\n\n\n\n<p>\u201cEl canje de placas responde a una disposici\u00f3n federal; adem\u00e1s, no existe ning\u00fan aumento en los costos del tr\u00e1mite para quienes est\u00e9n al corriente en sus pagos de refrendo vehicular\u201d, enfatiz\u00f3.<\/p>\n\n\n\n<p>El titular de la Secte dio a conocer que, con motivo de los 500 A\u00f1os del Encuentro de Dos Culturas, las l\u00e1minas ser\u00e1n conmemorativas a este hecho hist\u00f3rico.<\/p>\n\n\n\n<p>No\u00e9 Rodr\u00edguez Rold\u00e1n se\u00f1al\u00f3 que el cambio de placas cada tres a\u00f1os tiene como objetivo actualizar el padr\u00f3n vehicular e incorporar especificaciones t\u00e9cnicas y elementos de seguridad que permitan prevenir el robo y mal uso de las l\u00e1minas.<\/p>\n\n\n\n<p>Sobre los pagos para el cambio de placas, el funcionario estatal indic\u00f3 que los contribuyentes deber\u00e1n realizarlo en la Secretar\u00eda de Planeaci\u00f3n y Finanzas (SPF) y la Secte se encargar\u00e1 de la entrega de l\u00e1minas y engomado.<\/p>\n\n\n\n<p>Cabe se\u00f1alar que los due\u00f1os de automotores que hayan realizado el canje de placas durante este a\u00f1o, solo pagar\u00e1n un porcentaje del costo total que establecer\u00e1 la SPF.<\/p>\n","protected":false},"excerpt":{"rendered":"<p>PPor disposici\u00f3n federal, a trav\u00e9s del acuerdo publicado el 25 de septiembre del 2000, todas las entidades del pa\u00eds deber\u00e1n realizar el cambio de placas cada tres a\u00f1os, inform\u00f3 No\u00e9 Rodr\u00edguez Rold\u00e1n, titular de la Secretar\u00eda de Comunicaciones y Transportes del Estado (Secte). Rodr\u00edguez Rold\u00e1n record\u00f3 que el a\u00f1o pasado en Tlaxcala no se llev\u00f3 [&hellip;]<\/p>\n","protected":false},"author":12,"featured_media":0,"comment_status":"open","ping_status":"open","sticky":false,"template":"","format":"standard","meta":{"om_disable_all_campaigns":false,"_monsterinsights_skip_tracking":false,"_monsterinsights_sitenote_active":false,"_monsterinsights_sitenote_note":"","_monsterinsights_sitenote_category":0,"jnews-multi-image_gallery":[],"jnews_single_post":[],"jnews_primary_category":[],"footnotes":""},"categories":[],"tags":[],"class_list":["post-47035","post","type-post","status-publish","format-standard","hentry"],"aioseo_notices":[],"_links":{"self":[{"href":"https:\/\/estado29.mx\/index.php?rest_route=\/wp\/v2\/posts\/47035","targetHints":{"allow":["GET"]}}],"collection":[{"href":"https:\/\/estado29.mx\/index.php?rest_route=\/wp\/v2\/posts"}],"about":[{"href":"https:\/\/estado29.mx\/index.php?rest_route=\/wp\/v2\/types\/post"}],"author":[{"embeddable":true,"href":"https:\/\/estado29.mx\/index.php?rest_route=\/wp\/v2\/users\/12"}],"replies":[{"embeddable":true,"href":"https:\/\/estado29.mx\/index.php?rest_route=%2Fwp%2Fv2%2Fcomments&post=47035"}],"version-history":[{"count":1,"href":"https:\/\/estado29.mx\/index.php?rest_route=\/wp\/v2\/posts\/47035\/revisions"}],"predecessor-version":[{"id":47038,"href":"https:\/\/estado29.mx\/index.php?rest_route=\/wp\/v2\/posts\/47035\/revisions\/47038"}],"wp:attachment":[{"href":"https:\/\/estado29.mx\/index.php?rest_route=%2Fwp%2Fv2%2Fmedia&parent=47035"}],"wp:term":[{"taxonomy":"category","embeddable":true,"href":"https:\/\/estado29.mx\/index.php?rest_route=%2Fwp%2Fv2%2Fcategories&post=47035"},{"taxonomy":"post_tag","embeddable":true,"href":"https:\/\/estado29.mx\/index.php?rest_route=%2Fwp%2Fv2%2Ftags&post=47035"}],"curies":[{"name":"wp","href":"https:\/\/api.w.org\/{rel}","templated":true}]}}