{"id":47060,"date":"2019-04-29T07:30:23","date_gmt":"2019-04-29T12:30:23","guid":{"rendered":"http:\/\/estado29.mx\/?p=47060"},"modified":"2019-04-29T07:31:11","modified_gmt":"2019-04-29T12:31:11","slug":"realizara-cge-noche-de-jardin-para-fomentar-el-cuidado-al-medio-ambiente","status":"publish","type":"post","link":"https:\/\/estado29.mx\/?p=47060","title":{"rendered":"Realizar\u00e1 CGE &#8220;Noche de jard\u00edn&#8221; para fomentar el cuidado al medio ambiente"},"content":{"rendered":"\n<p><strong>E<\/strong> <em>La dependencia estatal invita a las familias tlaxcaltecas y visitantes locales a acudir al Jard\u00edn Bot\u00e1nico de Tizatl\u00e1n el pr\u00f3ximo viernes tres de mayo.<\/em><\/p>\n\n\n\n<p>La Coordinaci\u00f3n General de Ecolog\u00eda (CGE) realizar\u00e1 el evento \u201cNoche de Jard\u00edn\u201d, el pr\u00f3ximo tres de mayo en el Jard\u00edn Bot\u00e1nico de Tizatl\u00e1n como parte de las acciones para fomentar entre la poblaci\u00f3n el cuidado de la naturaleza.<\/p>\n\n\n\n<p>Efra\u00edn Flores Hern\u00e1ndez, titular de la CGE, se\u00f1al\u00f3 que la actividad se realiza con el prop\u00f3sito de conservar este espacio como un \u00e1rea natural libre de basura, adem\u00e1s de fomentar la convivencia familiar.<\/p>\n\n\n\n<p>Flores Hern\u00e1ndez invit\u00f3 a las familias tlaxcaltecas y visitantes locales a acudir y disfrutar del programa que se tiene preparado, el cual incluye la presentaci\u00f3n del tr\u00edo D\u00b4Voces, el mariachi Tlaxcallan, una tuna universitaria y una funci\u00f3n de mimos, entre otras sorpresas.<\/p>\n\n\n\n<p>El funcionario estatal detall\u00f3 que se instalar\u00e1n tres escenarios en diferentes puntos del Jard\u00edn Bot\u00e1nico, donde de manera simult\u00e1nea se presentar\u00e1n los artistas.<\/p>\n\n\n\n<p>Los interesados en participar, deben acudir por su pase gratuito a las instalaciones de la Coordinaci\u00f3n General de Ecolog\u00eda, el Zool\u00f3gico de Tlaxcala o la Comisi\u00f3n Estatal del Agua de 8:00 a 17:00 horas de lunes a viernes.<\/p>\n\n\n\n<p>El acceso ser\u00e1 de las 18:00 a las 19:00 horas, cuando inicien las actividades que tendr\u00e1n una duraci\u00f3n de dos horas y media.<\/p>\n\n\n\n<p>Los asistentes podr\u00e1n ingresar con alimentos preferentemente sin envolturas y en recipientes, en caso de llevar productos envasados, ser\u00e1 necesario que conserven sus residuos para evitar contaminar el espacio.<\/p>\n\n\n\n<p>Cabe se\u00f1alar que los visitantes tendr\u00e1n que prever donde dejar sus unidades, debido a que no estar\u00e1 abierto el estacionamiento del Jard\u00edn Bot\u00e1nico de Tizatl\u00e1n, como parte de las medidas para garantizar la seguridad de las familias.<\/p>\n\n\n\n<p>Adem\u00e1s, para resguardar la integridad de los paseantes, durante la actividad se contar\u00e1 con el apoyo de una ambulancia, as\u00ed como elementos de seguridad vial y protecci\u00f3n civil.<\/p>\n","protected":false},"excerpt":{"rendered":"<p>E La dependencia estatal invita a las familias tlaxcaltecas y visitantes locales a acudir al Jard\u00edn Bot\u00e1nico de Tizatl\u00e1n el pr\u00f3ximo viernes tres de mayo. La Coordinaci\u00f3n General de Ecolog\u00eda (CGE) realizar\u00e1 el evento \u201cNoche de Jard\u00edn\u201d, el pr\u00f3ximo tres de mayo en el Jard\u00edn Bot\u00e1nico de Tizatl\u00e1n como parte de las acciones para fomentar [&hellip;]<\/p>\n","protected":false},"author":12,"featured_media":0,"comment_status":"open","ping_status":"open","sticky":false,"template":"","format":"standard","meta":{"om_disable_all_campaigns":false,"_monsterinsights_skip_tracking":false,"_monsterinsights_sitenote_active":false,"_monsterinsights_sitenote_note":"","_monsterinsights_sitenote_category":0,"jnews-multi-image_gallery":[],"jnews_single_post":[],"jnews_primary_category":[],"footnotes":""},"categories":[],"tags":[],"class_list":["post-47060","post","type-post","status-publish","format-standard","hentry"],"aioseo_notices":[],"_links":{"self":[{"href":"https:\/\/estado29.mx\/index.php?rest_route=\/wp\/v2\/posts\/47060","targetHints":{"allow":["GET"]}}],"collection":[{"href":"https:\/\/estado29.mx\/index.php?rest_route=\/wp\/v2\/posts"}],"about":[{"href":"https:\/\/estado29.mx\/index.php?rest_route=\/wp\/v2\/types\/post"}],"author":[{"embeddable":true,"href":"https:\/\/estado29.mx\/index.php?rest_route=\/wp\/v2\/users\/12"}],"replies":[{"embeddable":true,"href":"https:\/\/estado29.mx\/index.php?rest_route=%2Fwp%2Fv2%2Fcomments&post=47060"}],"version-history":[{"count":1,"href":"https:\/\/estado29.mx\/index.php?rest_route=\/wp\/v2\/posts\/47060\/revisions"}],"predecessor-version":[{"id":47063,"href":"https:\/\/estado29.mx\/index.php?rest_route=\/wp\/v2\/posts\/47060\/revisions\/47063"}],"wp:attachment":[{"href":"https:\/\/estado29.mx\/index.php?rest_route=%2Fwp%2Fv2%2Fmedia&parent=47060"}],"wp:term":[{"taxonomy":"category","embeddable":true,"href":"https:\/\/estado29.mx\/index.php?rest_route=%2Fwp%2Fv2%2Fcategories&post=47060"},{"taxonomy":"post_tag","embeddable":true,"href":"https:\/\/estado29.mx\/index.php?rest_route=%2Fwp%2Fv2%2Ftags&post=47060"}],"curies":[{"name":"wp","href":"https:\/\/api.w.org\/{rel}","templated":true}]}}