{"id":47089,"date":"2019-04-29T14:53:26","date_gmt":"2019-04-29T19:53:26","guid":{"rendered":"http:\/\/estado29.mx\/?p=47089"},"modified":"2019-04-29T14:55:22","modified_gmt":"2019-04-29T19:55:22","slug":"sin-contratiempos-reanudan-estudiantes-sus-actividades-escolares-mch","status":"publish","type":"post","link":"https:\/\/estado29.mx\/?p=47089","title":{"rendered":"Sin contratiempos reanudan estudiantes sus actividades escolares: MCH"},"content":{"rendered":"\n<p><strong>S<\/strong>Luego de haber disfrutado de dos semanas de asueto como lo marca el Calendario Escolar 2018-2019, este lunes 29 de abril estudiantes de todos los niveles educativos reanudaron actividades escolares sin contratiempos.<\/p>\n\n\n\n<p>El Secretario de Educaci\u00f3n, Manuel Camacho Higareda, mencion\u00f3 que desde temprana hora recibi\u00f3 informaci\u00f3n de directivos de los diferentes niveles educativos, quienes le reportaron que no se registraron incidentes en el regreso de este segundo periodo vacacional.<\/p>\n\n\n\n<p>Por ello, exhort\u00f3 a la comunidad escolar a continuar con los planes y programas que establece la SEP federal, con la finalidad de cumplir con uno de los prop\u00f3sitos del Gobierno del Estado, que es mejorar la calidad educativa en favor de miles de ni\u00f1as, ni\u00f1os y j\u00f3venes tlaxcaltecas.<\/p>\n\n\n\n<p>Con estas acciones retornaron a sus actividades escolares 386 mil 457 alumnos que se ubican en 2 mil 622 escuelas distribuidas en las diferentes comunidades y municipios del estado.<\/p>\n\n\n\n<p>De acuerdo con el calendario escolar, habr\u00e1 suspensi\u00f3n de actividades los d\u00edas 1, 10 y 15 de mayo, como parte de las celebraciones del D\u00eda del Trabajo, de la Madre y del Maestro. Tambi\u00e9n se llevar\u00e1n a cabo los dos \u00faltimos Consejos T\u00e9cnicos Escolares el 31 de mayo y 28 de junio.<\/p>\n","protected":false},"excerpt":{"rendered":"<p>SLuego de haber disfrutado de dos semanas de asueto como lo marca el Calendario Escolar 2018-2019, este lunes 29 de abril estudiantes de todos los niveles educativos reanudaron actividades escolares sin contratiempos. El Secretario de Educaci\u00f3n, Manuel Camacho Higareda, mencion\u00f3 que desde temprana hora recibi\u00f3 informaci\u00f3n de directivos de los diferentes niveles educativos, quienes le [&hellip;]<\/p>\n","protected":false},"author":12,"featured_media":0,"comment_status":"open","ping_status":"open","sticky":false,"template":"","format":"standard","meta":{"om_disable_all_campaigns":false,"_monsterinsights_skip_tracking":false,"_monsterinsights_sitenote_active":false,"_monsterinsights_sitenote_note":"","_monsterinsights_sitenote_category":0,"jnews-multi-image_gallery":[],"jnews_single_post":[],"jnews_primary_category":[],"footnotes":""},"categories":[],"tags":[],"class_list":["post-47089","post","type-post","status-publish","format-standard","hentry"],"aioseo_notices":[],"_links":{"self":[{"href":"https:\/\/estado29.mx\/index.php?rest_route=\/wp\/v2\/posts\/47089","targetHints":{"allow":["GET"]}}],"collection":[{"href":"https:\/\/estado29.mx\/index.php?rest_route=\/wp\/v2\/posts"}],"about":[{"href":"https:\/\/estado29.mx\/index.php?rest_route=\/wp\/v2\/types\/post"}],"author":[{"embeddable":true,"href":"https:\/\/estado29.mx\/index.php?rest_route=\/wp\/v2\/users\/12"}],"replies":[{"embeddable":true,"href":"https:\/\/estado29.mx\/index.php?rest_route=%2Fwp%2Fv2%2Fcomments&post=47089"}],"version-history":[{"count":1,"href":"https:\/\/estado29.mx\/index.php?rest_route=\/wp\/v2\/posts\/47089\/revisions"}],"predecessor-version":[{"id":47092,"href":"https:\/\/estado29.mx\/index.php?rest_route=\/wp\/v2\/posts\/47089\/revisions\/47092"}],"wp:attachment":[{"href":"https:\/\/estado29.mx\/index.php?rest_route=%2Fwp%2Fv2%2Fmedia&parent=47089"}],"wp:term":[{"taxonomy":"category","embeddable":true,"href":"https:\/\/estado29.mx\/index.php?rest_route=%2Fwp%2Fv2%2Fcategories&post=47089"},{"taxonomy":"post_tag","embeddable":true,"href":"https:\/\/estado29.mx\/index.php?rest_route=%2Fwp%2Fv2%2Ftags&post=47089"}],"curies":[{"name":"wp","href":"https:\/\/api.w.org\/{rel}","templated":true}]}}