{"id":47093,"date":"2019-04-29T15:03:17","date_gmt":"2019-04-29T20:03:17","guid":{"rendered":"http:\/\/estado29.mx\/?p=47093"},"modified":"2019-04-29T16:34:29","modified_gmt":"2019-04-29T21:34:29","slug":"no-tengo-miedo-de-asumir-el-cargo-de-director-de-seguridad-publica-de-tequexquitla-perez-perez","status":"publish","type":"post","link":"https:\/\/estado29.mx\/?p=47093","title":{"rendered":"No tengo miedo de asumir el cargo de director de seguridad p\u00fablica de Tequexquitla: P\u00e9rez P\u00e9rez"},"content":{"rendered":"\n<p><em>Destac\u00f3 que va a trabajar y a poner lo mejor de su parte\npara que se note un&nbsp; cambio en la polic\u00eda\ndel Carmen<\/em><\/p>\n\n\n\n<p>El&nbsp; nuevo director de seguridad p\u00fabica de El\nCarmen Tequexquitla, \u00c1ngel P\u00e9rez P\u00e9rez, asegur\u00f3 que no tiene miedo, esto, tras\nasumir este cargo, por lo que se coordina con las autoridades federales y\nestatales, a fin de que haya mayor seguridad en esta demarcaci\u00f3n.<\/p>\n\n\n\n<p>Reconoci\u00f3 que el robo\nal transporte de carga es un delito que m\u00e1s aqueja a esta comuna, aunado que es\nuna zona \u201cmuy conflictiva\u201d&nbsp; y con \u201cmuchos\nproblemas\u201d, y como ejemplo, esta los lamentables acontecimientos que le quitaron\nla vida a su antecesor. <\/p>\n\n\n\n<p>Destac\u00f3 que va a trabajar\ny a poner lo mejor de su parte para que se note un&nbsp; cambio en la polic\u00eda del Carmen.<\/p>\n\n\n\n<p>\u201cEl miedo cualquier\nser humano lo tiene, en cualquier trabajo hay riesgos, pero miedo por haber\nllegado a ese municipio, de ninguna manera, en ning\u00fan momento,&nbsp; tenemos la experiencia, llegamos con el\ncompromiso de trabajar y de atacar el delito,&nbsp;\nno vamos con compromisos de&nbsp; tener\ncontacto con ning\u00fan delincuente, miedo, es nuestros trabajo y tenemos que\ncumplirlo\u201d<\/p>\n\n\n\n<p>Asegur\u00f3 que hasta el\nmomento no ha recibido ninguna amenaza, y lo que m\u00e1s le interesa es conformar\nal cien por ciento el cuerpo de polic\u00edas, pues decidieron&nbsp; dejar su cargo 15 polic\u00edas de 30 que\nintegraban la fuerza municipal.<\/p>\n\n\n\n<p>Detall\u00f3 que las bajas\nse debieron por el temor de los efectivos, despu\u00e9s del asesinato del ex director,\npero, el riesgo es latente en este municipio por la presencia de diversas\n\u201cbandas\u201d que&nbsp; operan en la regi\u00f3n para\natracar las unidades de carga, lo cual est\u00e1 comprobado por todas las\nautoridades de los tres niveles de gobierno.&nbsp;&nbsp;\n<\/p>\n\n\n\n<p>Complement\u00f3 que el\nGobierno del Estado los ha apoyado con elementos para no descuidar la\nseguridad, en tanto se lanzar\u00e1 la convocatoria para que quienes est\u00e9n\ninteresados en formar para de la Polic\u00eda Municipal.<\/p>\n","protected":false},"excerpt":{"rendered":"<p>Destac\u00f3 que va a trabajar y a poner lo mejor de su parte para que se note un&nbsp; cambio en la polic\u00eda del Carmen El&nbsp; nuevo director de seguridad p\u00fabica de El Carmen Tequexquitla, \u00c1ngel P\u00e9rez P\u00e9rez, asegur\u00f3 que no tiene miedo, esto, tras asumir este cargo, por lo que se coordina con las autoridades [&hellip;]<\/p>\n","protected":false},"author":28,"featured_media":0,"comment_status":"open","ping_status":"open","sticky":false,"template":"","format":"standard","meta":{"om_disable_all_campaigns":false,"_monsterinsights_skip_tracking":false,"_monsterinsights_sitenote_active":false,"_monsterinsights_sitenote_note":"","_monsterinsights_sitenote_category":0,"jnews-multi-image_gallery":[],"jnews_single_post":[],"jnews_primary_category":[],"footnotes":""},"categories":[],"tags":[],"class_list":["post-47093","post","type-post","status-publish","format-standard","hentry"],"aioseo_notices":[],"_links":{"self":[{"href":"https:\/\/estado29.mx\/index.php?rest_route=\/wp\/v2\/posts\/47093","targetHints":{"allow":["GET"]}}],"collection":[{"href":"https:\/\/estado29.mx\/index.php?rest_route=\/wp\/v2\/posts"}],"about":[{"href":"https:\/\/estado29.mx\/index.php?rest_route=\/wp\/v2\/types\/post"}],"author":[{"embeddable":true,"href":"https:\/\/estado29.mx\/index.php?rest_route=\/wp\/v2\/users\/28"}],"replies":[{"embeddable":true,"href":"https:\/\/estado29.mx\/index.php?rest_route=%2Fwp%2Fv2%2Fcomments&post=47093"}],"version-history":[{"count":2,"href":"https:\/\/estado29.mx\/index.php?rest_route=\/wp\/v2\/posts\/47093\/revisions"}],"predecessor-version":[{"id":47114,"href":"https:\/\/estado29.mx\/index.php?rest_route=\/wp\/v2\/posts\/47093\/revisions\/47114"}],"wp:attachment":[{"href":"https:\/\/estado29.mx\/index.php?rest_route=%2Fwp%2Fv2%2Fmedia&parent=47093"}],"wp:term":[{"taxonomy":"category","embeddable":true,"href":"https:\/\/estado29.mx\/index.php?rest_route=%2Fwp%2Fv2%2Fcategories&post=47093"},{"taxonomy":"post_tag","embeddable":true,"href":"https:\/\/estado29.mx\/index.php?rest_route=%2Fwp%2Fv2%2Ftags&post=47093"}],"curies":[{"name":"wp","href":"https:\/\/api.w.org\/{rel}","templated":true}]}}