{"id":47118,"date":"2019-04-29T22:32:03","date_gmt":"2019-04-30T03:32:03","guid":{"rendered":"http:\/\/estado29.mx\/?p=47118"},"modified":"2019-04-29T22:39:58","modified_gmt":"2019-04-30T03:39:58","slug":"en-un-90-la-feria-de-ixtenco-2019","status":"publish","type":"post","link":"https:\/\/estado29.mx\/?p=47118","title":{"rendered":"En un 90% listo el programa de feria en Ixtenco 2019."},"content":{"rendered":"\n<p>El Presidente Municipal de Ixtenco, Miguel \u00c1ngel Caballero Yonca, dio a conocer que se encuentra pr\u00e1cticamente todo listo para la feria del municipio otom\u00ed en su edici\u00f3n 2019, logrando tener un avance del 90%, donde se contar\u00e1 con eventos de \u00edndole religioso, cultural, deportivo, bailes populares, entre otros, para el gusto de la ciudadan\u00eda y quienes asisten a este importante evento.<\/p>\n\n\n\n<p><br> Cabe se\u00f1alar que no se tiene contemplado a\u00fan la cantidad exacta a invertir, pues a\u00fan contin\u00faan pro confirmar algunos eventos en donde el presupuesto podr\u00eda incrementarse, de los contrario, esta cifra podr\u00eda quedar igual. <\/p>\n\n\n\n<p><br> El alcalde se\u00f1al\u00f3 que la presentaci\u00f3n oficial de la feria se dar\u00e1 a conocer en coordinaci\u00f3n con los mayordomos de la comuna, con el objetivo de que puedan unificar las actividades y que estas logren dar un mayor realce a Ixtenco. <\/p>\n\n\n\n<p><br> \u201cEl pr\u00f3ximo 17 de mayo, se llevar\u00e1 a cabo el certamen de la elecci\u00f3n de reina, tenemos 8 se\u00f1oritas que est\u00e1n dando lo mejor de s\u00ed, se encuentran prepar\u00e1ndose para que sea quien sea pueda representar a nuestro municipio de una forma sobresaliente\u201d, se\u00f1al\u00f3 Caballero Yonca.  <\/p>\n\n\n\n<p><br> <br><br> <\/p>\n","protected":false},"excerpt":{"rendered":"<p>El Presidente Municipal de Ixtenco, Miguel \u00c1ngel Caballero Yonca, dio a conocer que se encuentra pr\u00e1cticamente todo listo para la feria del municipio otom\u00ed en su edici\u00f3n 2019, logrando tener un avance del 90%, donde se contar\u00e1 con eventos de \u00edndole religioso, cultural, deportivo, bailes populares, entre otros, para el gusto de la ciudadan\u00eda y [&hellip;]<\/p>\n","protected":false},"author":19,"featured_media":0,"comment_status":"open","ping_status":"open","sticky":false,"template":"","format":"standard","meta":{"om_disable_all_campaigns":false,"_monsterinsights_skip_tracking":false,"_monsterinsights_sitenote_active":false,"_monsterinsights_sitenote_note":"","_monsterinsights_sitenote_category":0,"jnews-multi-image_gallery":[],"jnews_single_post":[],"jnews_primary_category":[],"footnotes":""},"categories":[],"tags":[],"class_list":["post-47118","post","type-post","status-publish","format-standard","hentry"],"aioseo_notices":[],"_links":{"self":[{"href":"https:\/\/estado29.mx\/index.php?rest_route=\/wp\/v2\/posts\/47118","targetHints":{"allow":["GET"]}}],"collection":[{"href":"https:\/\/estado29.mx\/index.php?rest_route=\/wp\/v2\/posts"}],"about":[{"href":"https:\/\/estado29.mx\/index.php?rest_route=\/wp\/v2\/types\/post"}],"author":[{"embeddable":true,"href":"https:\/\/estado29.mx\/index.php?rest_route=\/wp\/v2\/users\/19"}],"replies":[{"embeddable":true,"href":"https:\/\/estado29.mx\/index.php?rest_route=%2Fwp%2Fv2%2Fcomments&post=47118"}],"version-history":[{"count":2,"href":"https:\/\/estado29.mx\/index.php?rest_route=\/wp\/v2\/posts\/47118\/revisions"}],"predecessor-version":[{"id":47130,"href":"https:\/\/estado29.mx\/index.php?rest_route=\/wp\/v2\/posts\/47118\/revisions\/47130"}],"wp:attachment":[{"href":"https:\/\/estado29.mx\/index.php?rest_route=%2Fwp%2Fv2%2Fmedia&parent=47118"}],"wp:term":[{"taxonomy":"category","embeddable":true,"href":"https:\/\/estado29.mx\/index.php?rest_route=%2Fwp%2Fv2%2Fcategories&post=47118"},{"taxonomy":"post_tag","embeddable":true,"href":"https:\/\/estado29.mx\/index.php?rest_route=%2Fwp%2Fv2%2Ftags&post=47118"}],"curies":[{"name":"wp","href":"https:\/\/api.w.org\/{rel}","templated":true}]}}