{"id":47126,"date":"2019-04-29T22:38:24","date_gmt":"2019-04-30T03:38:24","guid":{"rendered":"http:\/\/estado29.mx\/?p=47126"},"modified":"2019-04-29T22:38:35","modified_gmt":"2019-04-30T03:38:35","slug":"se-entregara-en-tiempo-y-forma-cuenta-publica-del-primer-trimestre-en-tocatlan-asegura-el-edil","status":"publish","type":"post","link":"https:\/\/estado29.mx\/?p=47126","title":{"rendered":"Se entregar\u00e1 en tiempo y forma cuenta p\u00fablica del primer trimestre en Tocatl\u00e1n, asegura el edil."},"content":{"rendered":"\n<p>El Presidente Municipal de Tocatl\u00e1n, Jos\u00e9 Del Carmen\nHern\u00e1ndez Morales, dio a conocer que se encuentran preparando la cuenta p\u00fablica\ndel primer trimestre del a\u00f1o, para que la misma pueda ser entregada en tiempo y\nforma, tanto al \u00d3rgano de Fiscalizaci\u00f3n as\u00ed como al Congreso del Estado para su\nvaloraci\u00f3n y determinaci\u00f3n en caso de que se presenten algunas observaciones.<\/p>\n\n\n\n<p>Se\u00f1alando, espera sea positiva, se trabajar\u00e1n en todos los\npuntos que lleguen a determinar las instituciones anteriores, sin embargo,\ndespu\u00e9s de los d\u00edas de asueto en la Semana Santa, se logr\u00f3 realizar un avance\nimportante en la cuenta. <\/p>\n\n\n\n<p>En entrevista, Jos\u00e9 del Carmen Hern\u00e1ndez Morales, se\u00f1al\u00f3\n\u201cConfiamos en el trabajo que hemos realizado todos los integrantes del\nayuntamiento, nos hemos dirigido con civilidad y sobre todo teniendo en cuenta\nque somos servidores p\u00fablicos y tenemos que rendir cuenta a la ciudadan\u00eda de\nTocatl\u00e1n\u201d. <\/p>\n\n\n\n<p>Cabe se\u00f1alar que la cuenta p\u00fablica puede ser entregada hasta\nel \u00faltimo d\u00eda del mes de abril, por lo que el mun\u00edcipe, enfatiz\u00f3 se lograr\u00e1\ndicho proceso.<\/p>\n","protected":false},"excerpt":{"rendered":"<p>El Presidente Municipal de Tocatl\u00e1n, Jos\u00e9 Del Carmen Hern\u00e1ndez Morales, dio a conocer que se encuentran preparando la cuenta p\u00fablica del primer trimestre del a\u00f1o, para que la misma pueda ser entregada en tiempo y forma, tanto al \u00d3rgano de Fiscalizaci\u00f3n as\u00ed como al Congreso del Estado para su valoraci\u00f3n y determinaci\u00f3n en caso de [&hellip;]<\/p>\n","protected":false},"author":19,"featured_media":0,"comment_status":"open","ping_status":"open","sticky":false,"template":"","format":"standard","meta":{"om_disable_all_campaigns":false,"_monsterinsights_skip_tracking":false,"_monsterinsights_sitenote_active":false,"_monsterinsights_sitenote_note":"","_monsterinsights_sitenote_category":0,"jnews-multi-image_gallery":[],"jnews_single_post":[],"jnews_primary_category":[],"footnotes":""},"categories":[],"tags":[],"class_list":["post-47126","post","type-post","status-publish","format-standard","hentry"],"aioseo_notices":[],"_links":{"self":[{"href":"https:\/\/estado29.mx\/index.php?rest_route=\/wp\/v2\/posts\/47126","targetHints":{"allow":["GET"]}}],"collection":[{"href":"https:\/\/estado29.mx\/index.php?rest_route=\/wp\/v2\/posts"}],"about":[{"href":"https:\/\/estado29.mx\/index.php?rest_route=\/wp\/v2\/types\/post"}],"author":[{"embeddable":true,"href":"https:\/\/estado29.mx\/index.php?rest_route=\/wp\/v2\/users\/19"}],"replies":[{"embeddable":true,"href":"https:\/\/estado29.mx\/index.php?rest_route=%2Fwp%2Fv2%2Fcomments&post=47126"}],"version-history":[{"count":1,"href":"https:\/\/estado29.mx\/index.php?rest_route=\/wp\/v2\/posts\/47126\/revisions"}],"predecessor-version":[{"id":47129,"href":"https:\/\/estado29.mx\/index.php?rest_route=\/wp\/v2\/posts\/47126\/revisions\/47129"}],"wp:attachment":[{"href":"https:\/\/estado29.mx\/index.php?rest_route=%2Fwp%2Fv2%2Fmedia&parent=47126"}],"wp:term":[{"taxonomy":"category","embeddable":true,"href":"https:\/\/estado29.mx\/index.php?rest_route=%2Fwp%2Fv2%2Fcategories&post=47126"},{"taxonomy":"post_tag","embeddable":true,"href":"https:\/\/estado29.mx\/index.php?rest_route=%2Fwp%2Fv2%2Ftags&post=47126"}],"curies":[{"name":"wp","href":"https:\/\/api.w.org\/{rel}","templated":true}]}}