{"id":53290,"date":"2019-09-30T09:45:19","date_gmt":"2019-09-30T14:45:19","guid":{"rendered":"http:\/\/estado29.mx\/?p=53290"},"modified":"2019-09-30T09:45:27","modified_gmt":"2019-09-30T14:45:27","slug":"fortaleceran-sepuede-y-sne-vinculacion-laboral","status":"publish","type":"post","link":"https:\/\/estado29.mx\/?p=53290","title":{"rendered":"Fortalecer\u00e1n SEPUEDE y SNE vinculaci\u00f3n laboral"},"content":{"rendered":"\n<p>\u00b7&nbsp;<em>El titular del Sepuede-Icatlax, Manuel Camacho Higareda, celebr\u00f3 una reuni\u00f3n de trabajo con el Coordinador General del SNE, \u00cdvico Ahumada Lobo.<\/em><\/p>\n\n\n\n<p>A fin de fortalecer acciones conjuntas que mejoren los resultados en el proceso de colocaci\u00f3n de ciudadanos en fuentes laborales, el Coordinador General del Sistema Estatal de Promoci\u00f3n del Empleo y Desarrollo Comunitario (Sepuede), Manuel Camacho Higareda, y el Coordinador General del Servicio Nacional de Empleo, \u00cdvico Ahumada Lobo, celebraron una reuni\u00f3n de trabajo.<\/p>\n\n\n\n<p>El encuentro tuvo lugar en la Ciudad de M\u00e9xico, donde el tambi\u00e9n Director del Instituto de Capacitaci\u00f3n para el Trabajo del Estado de Tlaxcala (Icatlax) destac\u00f3 el inter\u00e9s de la Administraci\u00f3n Estatal por fortalecer en la entidad las acciones que propicien entre la ciudadan\u00eda oportunidades de empleo, a trav\u00e9s de una mayor vinculaci\u00f3n con las empresas.<\/p>\n\n\n\n<p>Adem\u00e1s, consider\u00f3 necesario cumplir con una de las prioridades del Gobierno Federal para garantizar la movilidad laboral de manera segura, que permita a los ciudadanos obtener recursos econ\u00f3micos en beneficio de sus familias.<\/p>\n\n\n\n<p>El funcionario estatal record\u00f3 que, con este esfuerzo coordinado, desde el Sepuede-Icatlax y SNE se coadyuva en el cumplimiento de los objetivos del Programa &#8220;Sup\u00e9rate&#8221;, que busca erradicar la pobreza extrema en la entidad.<\/p>\n\n\n\n<p>Durante el encuentro, Ahumada Lobo manifest\u00f3 la disposici\u00f3n del Gobierno de la Rep\u00fablica por trabajar de forma cercana con Tlaxcala, a fin de elevar los \u00edndices de ocupaci\u00f3n laboral entre la ciudadan\u00eda.A lo largo de esta reuni\u00f3n estuvo presente el Subcoordinador General del SNE, Donaciano Dom\u00ednguez Espinosa, as\u00ed como el Director Estatal de este sistema, Jorge Antonio V\u00e1zquez Mej\u00eda.\n\n<\/p>\n","protected":false},"excerpt":{"rendered":"<p>\u00b7&nbsp;El titular del Sepuede-Icatlax, Manuel Camacho Higareda, celebr\u00f3 una reuni\u00f3n de trabajo con el Coordinador General del SNE, \u00cdvico Ahumada Lobo. A fin de fortalecer acciones conjuntas que mejoren los resultados en el proceso de colocaci\u00f3n de ciudadanos en fuentes laborales, el Coordinador General del Sistema Estatal de Promoci\u00f3n del Empleo y Desarrollo Comunitario (Sepuede), [&hellip;]<\/p>\n","protected":false},"author":12,"featured_media":0,"comment_status":"closed","ping_status":"open","sticky":false,"template":"","format":"standard","meta":{"om_disable_all_campaigns":false,"_monsterinsights_skip_tracking":false,"_monsterinsights_sitenote_active":false,"_monsterinsights_sitenote_note":"","_monsterinsights_sitenote_category":0,"jnews-multi-image_gallery":[],"jnews_single_post":[],"jnews_primary_category":[],"footnotes":""},"categories":[],"tags":[],"class_list":["post-53290","post","type-post","status-publish","format-standard","hentry"],"aioseo_notices":[],"_links":{"self":[{"href":"https:\/\/estado29.mx\/index.php?rest_route=\/wp\/v2\/posts\/53290","targetHints":{"allow":["GET"]}}],"collection":[{"href":"https:\/\/estado29.mx\/index.php?rest_route=\/wp\/v2\/posts"}],"about":[{"href":"https:\/\/estado29.mx\/index.php?rest_route=\/wp\/v2\/types\/post"}],"author":[{"embeddable":true,"href":"https:\/\/estado29.mx\/index.php?rest_route=\/wp\/v2\/users\/12"}],"replies":[{"embeddable":true,"href":"https:\/\/estado29.mx\/index.php?rest_route=%2Fwp%2Fv2%2Fcomments&post=53290"}],"version-history":[{"count":1,"href":"https:\/\/estado29.mx\/index.php?rest_route=\/wp\/v2\/posts\/53290\/revisions"}],"predecessor-version":[{"id":53293,"href":"https:\/\/estado29.mx\/index.php?rest_route=\/wp\/v2\/posts\/53290\/revisions\/53293"}],"wp:attachment":[{"href":"https:\/\/estado29.mx\/index.php?rest_route=%2Fwp%2Fv2%2Fmedia&parent=53290"}],"wp:term":[{"taxonomy":"category","embeddable":true,"href":"https:\/\/estado29.mx\/index.php?rest_route=%2Fwp%2Fv2%2Fcategories&post=53290"},{"taxonomy":"post_tag","embeddable":true,"href":"https:\/\/estado29.mx\/index.php?rest_route=%2Fwp%2Fv2%2Ftags&post=53290"}],"curies":[{"name":"wp","href":"https:\/\/api.w.org\/{rel}","templated":true}]}}