{"id":53298,"date":"2019-09-30T14:25:19","date_gmt":"2019-09-30T19:25:19","guid":{"rendered":"http:\/\/estado29.mx\/?p=53298"},"modified":"2019-09-30T14:25:29","modified_gmt":"2019-09-30T19:25:29","slug":"encabeza-sesa-red-interinstitucional-de-salud-en-tlaxcala","status":"publish","type":"post","link":"https:\/\/estado29.mx\/?p=53298","title":{"rendered":"Encabeza SESA red interinstitucional de salud en Tlaxcala"},"content":{"rendered":"\n<p>\u00b7&nbsp;&nbsp;&nbsp;&nbsp;&nbsp;&nbsp;&nbsp;<em>La finalidad de esta iniciativa es unificar los servicios m\u00e9dicos que ofrecen instituciones del sector p\u00fablico.<\/em><\/p>\n\n\n\n<p>La Secretar\u00eda de Salud (SESA) se sum\u00f3 a la instalaci\u00f3n de la Red Interinstitucional de Salud en Tlaxcala, que tiene como prop\u00f3sito que las instituciones p\u00fablicas de salud unifiquen e intercambien informaci\u00f3n sobre los servicios m\u00e9dicos que ofrecen para fortalecer la atenci\u00f3n de las familias tlaxcaltecas.<\/p>\n\n\n\n<p>Ren\u00e9 Lima Morales, Secretario de Salud, explic\u00f3 que la iniciativa busca mejorar la calidad de vida de las personas que demandan servicios de salud, por lo que los institutos Mexicano del Seguro Social (IMSS), y de Seguridad y Servicios Sociales de los Trabajadores del Estado (Issste), as\u00ed como la Secretar\u00eda de la Defensa Nacional (Sedena) y la SESA, coordinar\u00e1n esfuerzos para favorecer una atenci\u00f3n oportuna y de calidad en beneficio de la poblaci\u00f3n.<\/p>\n\n\n\n<p>Los trabajos de la Red Interinstitucional de Salud se regir\u00e1n bajo los siguientes temas: Arco de protecci\u00f3n de la salud en carreteras, Centro de investigaci\u00f3n y Observatorio de enfermedades renales, Inclusi\u00f3n de la Red en la donaci\u00f3n de \u00f3rganos del estado, C\u00f3digo oro para prevenir la mortalidad materna, Cirug\u00eda neurol\u00f3gica en red, Banco de Sangre, y Cuidados paliativos.<\/p>\n\n\n\n<p>En la reuni\u00f3n estuvieron presentes el Delegado Estatal del IMSS, Gabriel P\u00e9rez Corona; el Subdelegado de Administraci\u00f3n del Issste, Julio C\u00e9sar Meneses; el Mayor de Sanidad Diego P\u00e9rez Santos, representante de la 23 Zona Militar; Patricia Osorno, encargada de la Direcci\u00f3n de Servicios de Salud y Rafael Herrera Mu\u00f1oz, encargado de la Direcci\u00f3n de Atenci\u00f3n Primaria a la Salud de la SESA.<\/p>\n\n\n\n<p>De esta manera, las instituciones p\u00fablicas de salud en el estado de Tlaxcala suman esfuerzos para trabajar de manera coordinada, institucional, respetuosa y solidaria en favor de la prestaci\u00f3n de servicios.<\/p>\n","protected":false},"excerpt":{"rendered":"<p>\u00b7&nbsp;&nbsp;&nbsp;&nbsp;&nbsp;&nbsp;&nbsp;La finalidad de esta iniciativa es unificar los servicios m\u00e9dicos que ofrecen instituciones del sector p\u00fablico. La Secretar\u00eda de Salud (SESA) se sum\u00f3 a la instalaci\u00f3n de la Red Interinstitucional de Salud en Tlaxcala, que tiene como prop\u00f3sito que las instituciones p\u00fablicas de salud unifiquen e intercambien informaci\u00f3n sobre los servicios m\u00e9dicos que ofrecen para [&hellip;]<\/p>\n","protected":false},"author":12,"featured_media":0,"comment_status":"closed","ping_status":"open","sticky":false,"template":"","format":"standard","meta":{"om_disable_all_campaigns":false,"_monsterinsights_skip_tracking":false,"_monsterinsights_sitenote_active":false,"_monsterinsights_sitenote_note":"","_monsterinsights_sitenote_category":0,"jnews-multi-image_gallery":[],"jnews_single_post":[],"jnews_primary_category":[],"footnotes":""},"categories":[],"tags":[],"class_list":["post-53298","post","type-post","status-publish","format-standard","hentry"],"aioseo_notices":[],"_links":{"self":[{"href":"https:\/\/estado29.mx\/index.php?rest_route=\/wp\/v2\/posts\/53298","targetHints":{"allow":["GET"]}}],"collection":[{"href":"https:\/\/estado29.mx\/index.php?rest_route=\/wp\/v2\/posts"}],"about":[{"href":"https:\/\/estado29.mx\/index.php?rest_route=\/wp\/v2\/types\/post"}],"author":[{"embeddable":true,"href":"https:\/\/estado29.mx\/index.php?rest_route=\/wp\/v2\/users\/12"}],"replies":[{"embeddable":true,"href":"https:\/\/estado29.mx\/index.php?rest_route=%2Fwp%2Fv2%2Fcomments&post=53298"}],"version-history":[{"count":1,"href":"https:\/\/estado29.mx\/index.php?rest_route=\/wp\/v2\/posts\/53298\/revisions"}],"predecessor-version":[{"id":53301,"href":"https:\/\/estado29.mx\/index.php?rest_route=\/wp\/v2\/posts\/53298\/revisions\/53301"}],"wp:attachment":[{"href":"https:\/\/estado29.mx\/index.php?rest_route=%2Fwp%2Fv2%2Fmedia&parent=53298"}],"wp:term":[{"taxonomy":"category","embeddable":true,"href":"https:\/\/estado29.mx\/index.php?rest_route=%2Fwp%2Fv2%2Fcategories&post=53298"},{"taxonomy":"post_tag","embeddable":true,"href":"https:\/\/estado29.mx\/index.php?rest_route=%2Fwp%2Fv2%2Ftags&post=53298"}],"curies":[{"name":"wp","href":"https:\/\/api.w.org\/{rel}","templated":true}]}}