{"id":53302,"date":"2019-09-30T14:27:24","date_gmt":"2019-09-30T19:27:24","guid":{"rendered":"http:\/\/estado29.mx\/?p=53302"},"modified":"2019-09-30T14:27:33","modified_gmt":"2019-09-30T19:27:33","slug":"ejercita-pgje-accion-penal-en-contra-de-imputado-por-privacion-ilegal-de-la-libertad-en-acuamanala","status":"publish","type":"post","link":"https:\/\/estado29.mx\/?p=53302","title":{"rendered":"Ejercita PGJE acci\u00f3n penal en contra de imputado por privaci\u00f3n ilegal de la libertad en Acuamanala"},"content":{"rendered":"\n<p>\u00b7&nbsp;&nbsp;&nbsp;&nbsp;&nbsp;&nbsp;&nbsp;&nbsp;&nbsp;&nbsp;&nbsp;&nbsp;<em>El imputado permanecer\u00e1 en prisi\u00f3n preventiva oficiosa durante su investigaci\u00f3n.&nbsp;<\/em><\/p>\n\n\n\n<p>La Procuradur\u00eda General de Justicia del Estado (PGJE) a trav\u00e9s del Agente del Ministerio P\u00fabico consigui\u00f3 que el Juez de Control vinculara a proceso a Alejandro N., por el delito de privaci\u00f3n ilegal de la libertad personal en contra de una persona en el municipio de Acuamanala.<\/p>\n\n\n\n<p>La autoridad jurisdiccional dict\u00f3 como medida cautelar prisi\u00f3n preventiva oficiosa, se\u00f1alando tres meses como plazo del cierre de la investigaci\u00f3n complementaria, la cual fenece el 21 de diciembre de 2019.<\/p>\n\n\n\n<p>Esta resoluci\u00f3n se desprende de lo ocurrido el 19 de septiembre del a\u00f1o en curso, luego de que elementos adscritos a la Secretar\u00eda de Seguridad Ciudadana (SSC) detectaron sobre la carretera V\u00eda Corta Santa Ana Chiautempan-Puebla a la altura de la comunidad de Olextla de Ju\u00e1rez, perteneciente al municipio de Acuamanala, una camioneta marca Dodge, color blanco, que circulaba de manera sospechosa.<\/p>\n\n\n\n<p>Al realizar la revisi\u00f3n precautoria de la unidad, una persona del sexo masculino que viajaba en el interior denunci\u00f3 y se\u00f1al\u00f3 directamente al conductor de la camioneta como quien minutos antes lo priv\u00f3 de su libertad.<\/p>\n\n\n\n<p>Por estos hechos, el imputado fue asegurado y puesto a disposici\u00f3n del Agente del Ministerio P\u00fablico, quien luego de varios actos de investigaci\u00f3n ejercit\u00f3 acci\u00f3n penal en contra del imputado, por lo que este fue llevado ante un Juez de Control, quien determin\u00f3 su vinculaci\u00f3n a proceso.&nbsp;<\/p>\n\n\n\n<p>Con resultados jur\u00eddicos, la Procuradur\u00eda General de Justicia del Estado, garantiza que un procedimiento apegado al marco legal correspondiente es fundamental para fincar responsabilidades, y con ello acceder a una justicia expedita.<\/p>\n","protected":false},"excerpt":{"rendered":"<p>\u00b7&nbsp;&nbsp;&nbsp;&nbsp;&nbsp;&nbsp;&nbsp;&nbsp;&nbsp;&nbsp;&nbsp;&nbsp;El imputado permanecer\u00e1 en prisi\u00f3n preventiva oficiosa durante su investigaci\u00f3n.&nbsp; La Procuradur\u00eda General de Justicia del Estado (PGJE) a trav\u00e9s del Agente del Ministerio P\u00fabico consigui\u00f3 que el Juez de Control vinculara a proceso a Alejandro N., por el delito de privaci\u00f3n ilegal de la libertad personal en contra de una persona en el municipio [&hellip;]<\/p>\n","protected":false},"author":12,"featured_media":0,"comment_status":"closed","ping_status":"open","sticky":false,"template":"","format":"standard","meta":{"om_disable_all_campaigns":false,"_monsterinsights_skip_tracking":false,"_monsterinsights_sitenote_active":false,"_monsterinsights_sitenote_note":"","_monsterinsights_sitenote_category":0,"jnews-multi-image_gallery":[],"jnews_single_post":[],"jnews_primary_category":[],"footnotes":""},"categories":[],"tags":[],"class_list":["post-53302","post","type-post","status-publish","format-standard","hentry"],"aioseo_notices":[],"_links":{"self":[{"href":"https:\/\/estado29.mx\/index.php?rest_route=\/wp\/v2\/posts\/53302","targetHints":{"allow":["GET"]}}],"collection":[{"href":"https:\/\/estado29.mx\/index.php?rest_route=\/wp\/v2\/posts"}],"about":[{"href":"https:\/\/estado29.mx\/index.php?rest_route=\/wp\/v2\/types\/post"}],"author":[{"embeddable":true,"href":"https:\/\/estado29.mx\/index.php?rest_route=\/wp\/v2\/users\/12"}],"replies":[{"embeddable":true,"href":"https:\/\/estado29.mx\/index.php?rest_route=%2Fwp%2Fv2%2Fcomments&post=53302"}],"version-history":[{"count":1,"href":"https:\/\/estado29.mx\/index.php?rest_route=\/wp\/v2\/posts\/53302\/revisions"}],"predecessor-version":[{"id":53305,"href":"https:\/\/estado29.mx\/index.php?rest_route=\/wp\/v2\/posts\/53302\/revisions\/53305"}],"wp:attachment":[{"href":"https:\/\/estado29.mx\/index.php?rest_route=%2Fwp%2Fv2%2Fmedia&parent=53302"}],"wp:term":[{"taxonomy":"category","embeddable":true,"href":"https:\/\/estado29.mx\/index.php?rest_route=%2Fwp%2Fv2%2Fcategories&post=53302"},{"taxonomy":"post_tag","embeddable":true,"href":"https:\/\/estado29.mx\/index.php?rest_route=%2Fwp%2Fv2%2Ftags&post=53302"}],"curies":[{"name":"wp","href":"https:\/\/api.w.org\/{rel}","templated":true}]}}