{"id":53310,"date":"2019-09-30T14:58:45","date_gmt":"2019-09-30T19:58:45","guid":{"rendered":"http:\/\/estado29.mx\/?p=53310"},"modified":"2019-09-30T14:58:54","modified_gmt":"2019-09-30T19:58:54","slug":"cervantino-en-tlaxcala-presentan-programa-alejandra-fraustro-y-marco-mena","status":"publish","type":"post","link":"https:\/\/estado29.mx\/?p=53310","title":{"rendered":"Cervantino en Tlaxcala; presentan programa  Alejandra Fraustro y Marco Mena"},"content":{"rendered":"\n<p>\u2022&nbsp;<em>Como parte de las actividades el estado albergar\u00e1 eventos de gran magnitud como el espect\u00e1culo de flamenco de la bailarina espa\u00f1ola Sara Baras, y el concierto de m\u00fasica cl\u00e1sica de la India de Deepak Pandit, entre otros.<\/em><\/p>\n\n\n\n<p>La Secretaria de Cultura Federal, Alejandra Frausto Guerrero, y el Gobernador Marco Mena, presentaron las actividades que se llevar\u00e1n a cabo en Tlaxcala como parte de la extensi\u00f3n de la edici\u00f3n 47 del Festival Internacional Cervantino.<\/p>\n\n\n\n<p>En conferencia de prensa en la Ciudad de M\u00e9xico, el Gobernador Mena reconoci\u00f3 el respaldo de la Secretar\u00eda de Cultura Federal, con este tipo de acciones que contribuyen a que Tlaxcala se consolide como un destino tur\u00edstico cultural de la zona centro del pa\u00eds.<\/p>\n\n\n\n<p>En respuesta, Alejandra Frausto Guerrero, Secretaria de Cultura, reconoci\u00f3 la colaboraci\u00f3n y trabajo coordinado que existe con el Gobierno del Estado para garantizar el derecho a la cultura de la poblaci\u00f3n, por medio de actividades como las que abarca la extensi\u00f3n del Festival Internacional Cervantino en Tlaxcala.<\/p>\n\n\n\n<p>Frausto Guerrero detall\u00f3 que la oferta cultural del Cervantino en la entidad iniciar\u00e1 el 14 de octubre e incluye la participaci\u00f3n de m\u00e1s de 100 artistas nacionales e internacionales; adem\u00e1s, todas las actividades ser\u00e1n gratuitas.<\/p>\n\n\n\n<p>Durante la presentaci\u00f3n, el Gobernador Marco Mena destac\u00f3 que la suma de esfuerzos nutre el momento positivo que registra Tlaxcala en rubros como crecimiento econ\u00f3mico, con un promedio del 4.4 por ciento, y en materia tur\u00edstica con un incremento anual de 6.9 puntos porcentuales, en comparaci\u00f3n con el a\u00f1o pasado.<\/p>\n\n\n\n<p>\u201cLo que queremos es mantener esta tendencia con actividades de car\u00e1cter cultural, que tiene una implicaci\u00f3n econ\u00f3mica en favor de las condiciones de las familias tlaxcaltecas\u201d, enfatiz\u00f3.<\/p>\n\n\n\n<p>En su mensaje, Marco Mena expres\u00f3 que, producto de la cercan\u00eda y coordinaci\u00f3n con la Secretar\u00eda de Cultura Federal, Tlaxcala recibir\u00e1 al Festival Internacional Cervantino en su edici\u00f3n 47, al tiempo de resaltar las actividades que desarrolla la dependencia en la entidad, como el rescate de inmuebles del estado da\u00f1ados por los sismos de 2017, las cuales tienen un impacto en la conservaci\u00f3n del patrimonio cultural.<\/p>\n\n\n\n<p>Posteriormente, a trav\u00e9s de sus redes sociales, el Gobernador Marco Mena manifest\u00f3 su agradecimiento a la Secretaria de Cultura por lograr que el estado sea sede de la extensi\u00f3n de este encuentro cultural con alcance internacional.<\/p>\n\n\n\n<p>En su cuenta de Twitter, el Gobernador Mena escribi\u00f3: \u201cMuchas gracias a la Secretaria de Cultura del @GobiernoMX, @AleFrausto, por su respaldo para que Tlaxcala sea extensi\u00f3n del Festival Internacional @Cervantino en octubre. Ser\u00e1n espect\u00e1culos estupendos de calibre internacional. Los invitamos a Tlaxcala. @cultura_mx @GobTlaxcala\u201d.<\/p>\n\n\n\n<p>En su oportunidad, la Secretaria Alejandra Frausto asegur\u00f3 que el hecho de que Tlaxcala sea sede de la extensi\u00f3n del Festival Internacional Cervantino representa una extraordinaria oportunidad para fortalecer su identidad y riqueza cultural, ya que los espect\u00e1culos que se presentar\u00e1n buscan incentivar la uni\u00f3n familiar e incrementar el n\u00famero de visitantes y turistas que arriban al estado.<\/p>\n\n\n\n<p>Frausto Guerrero detall\u00f3 que el Cervantino reunir\u00e1 a m\u00e1s de tres mil artistas, por lo que talentos de pa\u00edses como Armenia, India, Espa\u00f1a, Cabo Verde, Reino Unido y M\u00e9xico presentar\u00e1n sus propuestas tradicionales y vanguardistas al p\u00fablico tlaxcalteca.<\/p>\n\n\n\n<p>La Secretaria de Cultura agradeci\u00f3 la apertura y colaboraci\u00f3n permanente de la Administraci\u00f3n Estatal e invit\u00f3 a los asistentes a conocer la cultura y tradiciones del estado, como \u201cLa noche que nadie duerme\u201d, que se celebra en Huamantla, as\u00ed como a disfrutar de las actividades que se llevar\u00e1n a cabo en el marco del 47 Festival Internacional Cervantino.<\/p>\n\n\n\n<p>En tanto, Mariana Aymerich Ord\u00f3\u00f1ez, Directora del Festival Internacional Cervantino, dio a conocer que como parte de los eventos en Tlaxcala se presentar\u00e1 Khachaturian Trio de Armenia, con un espect\u00e1culo de m\u00fasica de c\u00e1mara en el Teatro Xicoht\u00e9ncatl, el 14 de octubre, a las 18:00 horas.<\/p>\n\n\n\n<p>El d\u00eda 15 de octubre, a las 18:00 horas, en el Palacio de Cultura, el p\u00fablico del estado podr\u00e1 disfrutar el concierto de Deepak Pandit, de la India, uno de los j\u00f3venes y serios exponentes de la m\u00fasica cl\u00e1sica india.<\/p>\n\n\n\n<p>Para el 16 de octubre, a las 17:00 horas, en el Centro de las Artes en Apizaquito, desde Espa\u00f1a se presentar\u00e1 Naftule, un poderoso coctel de jazz, flamenco, klezmer y cabaret.<\/p>\n\n\n\n<p>Posteriormente, el 18 de octubre, a las 18:00 horas, se llevar\u00e1 a cabo en el Teatro Xicoht\u00e9ncatl el concierto del solista Vincent Lhermet, de Francia. Ese mismo d\u00eda se ofrece en el Palacio de Cultura el concierto de la cantante africana Elida Almeida.<\/p>\n\n\n\n<p>La Plaza de Toros Jorge \u201cEl Ranchero\u201d Aguilar ser\u00e1 sede del espect\u00e1culo de flamenco a cargo de Sara Baras, de Espa\u00f1a, el d\u00eda 19 de octubre, a las 19:00 horas. En este mismo escenario, el 20 de octubre se presentar\u00e1 el Ballet Folkl\u00f3rico de M\u00e9xico de Amalia Hern\u00e1ndez.<\/p>\n\n\n\n<p>Y finalmente, el Teatro Xicoht\u00e9ncatl recibir\u00e1 el espect\u00e1culo \u201cBartosz Glowacki &amp; Andrey Lebedev\u201d, de Reino Unido y Australia, con m\u00fasica de c\u00e1mara y solistas, a las 18:00 horas.<\/p>\n\n\n\n<p>Estuvieron en la conferencia de prensa Marina N\u00fa\u00f1ez Bespalova, Subsecretaria de Desarrollo Cultural de la Secretar\u00eda de Cultura Federal; Anabel Alvarado Varela, Secretaria de Turismo de Tlaxcala y Juan Antonio Gonz\u00e1lez Necoechea, Director del Instituto Tlaxcalteca de la Cultura (ITC).<\/p>\n","protected":false},"excerpt":{"rendered":"<p>\u2022&nbsp;Como parte de las actividades el estado albergar\u00e1 eventos de gran magnitud como el espect\u00e1culo de flamenco de la bailarina espa\u00f1ola Sara Baras, y el concierto de m\u00fasica cl\u00e1sica de la India de Deepak Pandit, entre otros. La Secretaria de Cultura Federal, Alejandra Frausto Guerrero, y el Gobernador Marco Mena, presentaron las actividades que se [&hellip;]<\/p>\n","protected":false},"author":12,"featured_media":0,"comment_status":"closed","ping_status":"open","sticky":false,"template":"","format":"standard","meta":{"om_disable_all_campaigns":false,"_monsterinsights_skip_tracking":false,"_monsterinsights_sitenote_active":false,"_monsterinsights_sitenote_note":"","_monsterinsights_sitenote_category":0,"jnews-multi-image_gallery":[],"jnews_single_post":[],"jnews_primary_category":[],"footnotes":""},"categories":[],"tags":[],"class_list":["post-53310","post","type-post","status-publish","format-standard","hentry"],"aioseo_notices":[],"_links":{"self":[{"href":"https:\/\/estado29.mx\/index.php?rest_route=\/wp\/v2\/posts\/53310","targetHints":{"allow":["GET"]}}],"collection":[{"href":"https:\/\/estado29.mx\/index.php?rest_route=\/wp\/v2\/posts"}],"about":[{"href":"https:\/\/estado29.mx\/index.php?rest_route=\/wp\/v2\/types\/post"}],"author":[{"embeddable":true,"href":"https:\/\/estado29.mx\/index.php?rest_route=\/wp\/v2\/users\/12"}],"replies":[{"embeddable":true,"href":"https:\/\/estado29.mx\/index.php?rest_route=%2Fwp%2Fv2%2Fcomments&post=53310"}],"version-history":[{"count":1,"href":"https:\/\/estado29.mx\/index.php?rest_route=\/wp\/v2\/posts\/53310\/revisions"}],"predecessor-version":[{"id":53313,"href":"https:\/\/estado29.mx\/index.php?rest_route=\/wp\/v2\/posts\/53310\/revisions\/53313"}],"wp:attachment":[{"href":"https:\/\/estado29.mx\/index.php?rest_route=%2Fwp%2Fv2%2Fmedia&parent=53310"}],"wp:term":[{"taxonomy":"category","embeddable":true,"href":"https:\/\/estado29.mx\/index.php?rest_route=%2Fwp%2Fv2%2Fcategories&post=53310"},{"taxonomy":"post_tag","embeddable":true,"href":"https:\/\/estado29.mx\/index.php?rest_route=%2Fwp%2Fv2%2Ftags&post=53310"}],"curies":[{"name":"wp","href":"https:\/\/api.w.org\/{rel}","templated":true}]}}