{"id":53314,"date":"2019-09-30T16:19:48","date_gmt":"2019-09-30T21:19:48","guid":{"rendered":"http:\/\/estado29.mx\/?p=53314"},"modified":"2019-09-30T16:19:58","modified_gmt":"2019-09-30T21:19:58","slug":"en-diciembre-estara-listo-el-nuevo-edificio-del-ayuntamiento-de-tocatlan","status":"publish","type":"post","link":"https:\/\/estado29.mx\/?p=53314","title":{"rendered":"En diciembre estar\u00e1 listo el nuevo edificio del Ayuntamiento de Tocatl\u00e1n"},"content":{"rendered":"\n<p>Ser\u00e1 en &nbsp;el mes de\ndiciembre este a\u00f1o cuando quede concluida la edificaci\u00f3n del nuevo edificio de\nla presidencia municipal de Tocatl\u00e1n, en la que se invierte la cantidad de seis\nmillones de pesos procedentes de ahorros del Ayuntamiento y del Fondo de\nFomento Municipal, as\u00ed lo inform\u00f3 el alcalde, Jos\u00e9 del Carmen Hern\u00e1ndez\nMorales. <\/p>\n\n\n\n<p>Coment\u00f3 que en el proyecto del nuevo edificio se\ncontempla la construcci\u00f3n de una plaza p\u00fablica donde se podr\u00e1n celebrar eventos\npara la ciudadan\u00eda como ceremonias del Grito de Independencia, informes de\ngobierno, entre otros, que habr\u00e1 de quedar donde est\u00e1 asentado el antiguo\nedificio de la presidencia municipal el cual ser\u00e1 demolido. <\/p>\n\n\n\n<p>En entrevista, el presidente municipal de Tocatl\u00e1n\nexplic\u00f3 que el anterior edificio ya tiene m\u00e1s de 60 a\u00f1os de funcionamiento, y\npor sus condiciones fue afectado por el sismo del 19 de septiembre de 2017 por\nlo que era necesario construir un nuevo inmueble que no represente un riesgo\npara los aproximadamente 70 trabajadores. <\/p>\n\n\n\n<p>\u201cEstamos en estos momentos en la segunda etapa de\nconstrucci\u00f3n del edifico esperamos que est\u00e9 listo en diciembre, la inversi\u00f3n\nsuperar los seis millones de pesos para eso se hicieron ahorros, en el a\u00f1o 2018\nse hizo la primera etapa de cimientos, ahora en este&nbsp; 2019 se est\u00e1 terminando esa construcci\u00f3n con\nel Fondo de Fomento Municipal para la nueva presidencia municipal\u201d, explic\u00f3. <\/p>\n\n\n\n<p>Adem\u00e1s, coment\u00f3 que la nueva presidencia quedar\u00e1\nconstruido en el espacio que ocupaba el antiguo auditorio municipal el cual ya\nera obsoleto y&nbsp; o era funcional, \u201csolo lo\nutilizaban para hacer fiestas y otros eventos que no beneficiaban a los\npobladores del municipio\u201d ahora en ese espacio estar\u00e1 la presidencia. <\/p>\n\n\n\n<p>&nbsp;\u201cCon los\nmovimientos tel\u00faricos que tuvimos en septiembre del 2017 se acabaron de\nfracturar las losas, y hoy tenemos escurrimientos, adem\u00e1s de que no contaba con\nlas normas ten\u00eda varilla de media pulgada los movimientos los resinti\u00f3 mucho\ntambi\u00e9n no pod\u00eda arriesgar al personal en ese viejo edificio adem\u00e1s de los\nciudadanos que acuden por alg\u00fan servicio\u201d, declar\u00f3. <\/p>\n","protected":false},"excerpt":{"rendered":"<p>Ser\u00e1 en &nbsp;el mes de diciembre este a\u00f1o cuando quede concluida la edificaci\u00f3n del nuevo edificio de la presidencia municipal de Tocatl\u00e1n, en la que se invierte la cantidad de seis millones de pesos procedentes de ahorros del Ayuntamiento y del Fondo de Fomento Municipal, as\u00ed lo inform\u00f3 el alcalde, Jos\u00e9 del Carmen Hern\u00e1ndez Morales. [&hellip;]<\/p>\n","protected":false},"author":31,"featured_media":0,"comment_status":"closed","ping_status":"open","sticky":false,"template":"","format":"standard","meta":{"om_disable_all_campaigns":false,"_monsterinsights_skip_tracking":false,"_monsterinsights_sitenote_active":false,"_monsterinsights_sitenote_note":"","_monsterinsights_sitenote_category":0,"jnews-multi-image_gallery":[],"jnews_single_post":[],"jnews_primary_category":[],"footnotes":""},"categories":[],"tags":[],"class_list":["post-53314","post","type-post","status-publish","format-standard","hentry"],"aioseo_notices":[],"_links":{"self":[{"href":"https:\/\/estado29.mx\/index.php?rest_route=\/wp\/v2\/posts\/53314","targetHints":{"allow":["GET"]}}],"collection":[{"href":"https:\/\/estado29.mx\/index.php?rest_route=\/wp\/v2\/posts"}],"about":[{"href":"https:\/\/estado29.mx\/index.php?rest_route=\/wp\/v2\/types\/post"}],"author":[{"embeddable":true,"href":"https:\/\/estado29.mx\/index.php?rest_route=\/wp\/v2\/users\/31"}],"replies":[{"embeddable":true,"href":"https:\/\/estado29.mx\/index.php?rest_route=%2Fwp%2Fv2%2Fcomments&post=53314"}],"version-history":[{"count":1,"href":"https:\/\/estado29.mx\/index.php?rest_route=\/wp\/v2\/posts\/53314\/revisions"}],"predecessor-version":[{"id":53317,"href":"https:\/\/estado29.mx\/index.php?rest_route=\/wp\/v2\/posts\/53314\/revisions\/53317"}],"wp:attachment":[{"href":"https:\/\/estado29.mx\/index.php?rest_route=%2Fwp%2Fv2%2Fmedia&parent=53314"}],"wp:term":[{"taxonomy":"category","embeddable":true,"href":"https:\/\/estado29.mx\/index.php?rest_route=%2Fwp%2Fv2%2Fcategories&post=53314"},{"taxonomy":"post_tag","embeddable":true,"href":"https:\/\/estado29.mx\/index.php?rest_route=%2Fwp%2Fv2%2Ftags&post=53314"}],"curies":[{"name":"wp","href":"https:\/\/api.w.org\/{rel}","templated":true}]}}