{"id":53448,"date":"2019-10-02T23:32:31","date_gmt":"2019-10-03T04:32:31","guid":{"rendered":"http:\/\/estado29.mx\/?p=53448"},"modified":"2019-10-02T23:32:38","modified_gmt":"2019-10-03T04:32:38","slug":"inician-trabajos-de-colocacion-de-concreto-hidraulico-en-ixtenco","status":"publish","type":"post","link":"https:\/\/estado29.mx\/?p=53448","title":{"rendered":"Inician trabajos de colocaci\u00f3n de concreto hidr\u00e1ulico en Ixtenco"},"content":{"rendered":"\n<p>El Presidente Municipal de Ixtenco, Miguel \u00c1ngel Caballero Yonca, dio el banderazo de inicio de trabajos que habr\u00e1n de desarrollarse en un periodo no mayor a 70 d\u00edas, sobre la calle 11 sur, donde se colocara concreto hidr\u00e1ulico, as\u00ed como conexiones de agua potable.<\/p>\n\n\n\n<p><br> En este sentido, el alcalde, comparti\u00f3 que ser\u00e1 una inversi\u00f3n superior al mill\u00f3n de pesos pues la meta son aproximadamente 12 metros cuadrados de colocaci\u00f3n de concreto hidr\u00e1ulico, donde se busca mejorar la calidad de vida de los vecinos y habitantes de Ixtenco. <\/p>\n\n\n\n<p><br> \u201cEstamos dando inicio a las \u00faltimas obras de este 2019, a\u00fan estamos a tiempo de ejecutarlas y que se terminen, el pr\u00f3ximo a\u00f1o redoblaremos los esfuerzos para que los beneficios sean mayores y as\u00ed continuar con el desarrollo de nuestra comuna\u201d, expres\u00f3 Caballero Yonca. <\/p>\n\n\n\n<p><br> Vecinos de la calle 11 sur, donde iniciaron trabajos agradecieron al edil de Caballero Yonca, y respaldaron el trabajo que ha realizado en pro de la ciudadan\u00eda e invitaron a que contin\u00fae en la misma l\u00ednea sin importar las personas en contra de su administraci\u00f3n. <\/p>\n","protected":false},"excerpt":{"rendered":"<p>El Presidente Municipal de Ixtenco, Miguel \u00c1ngel Caballero Yonca, dio el banderazo de inicio de trabajos que habr\u00e1n de desarrollarse en un periodo no mayor a 70 d\u00edas, sobre la calle 11 sur, donde se colocara concreto hidr\u00e1ulico, as\u00ed como conexiones de agua potable. En este sentido, el alcalde, comparti\u00f3 que ser\u00e1 una inversi\u00f3n superior [&hellip;]<\/p>\n","protected":false},"author":19,"featured_media":0,"comment_status":"closed","ping_status":"open","sticky":false,"template":"","format":"standard","meta":{"om_disable_all_campaigns":false,"_monsterinsights_skip_tracking":false,"_monsterinsights_sitenote_active":false,"_monsterinsights_sitenote_note":"","_monsterinsights_sitenote_category":0,"jnews-multi-image_gallery":[],"jnews_single_post":[],"jnews_primary_category":[],"footnotes":""},"categories":[],"tags":[],"class_list":["post-53448","post","type-post","status-publish","format-standard","hentry"],"aioseo_notices":[],"_links":{"self":[{"href":"https:\/\/estado29.mx\/index.php?rest_route=\/wp\/v2\/posts\/53448","targetHints":{"allow":["GET"]}}],"collection":[{"href":"https:\/\/estado29.mx\/index.php?rest_route=\/wp\/v2\/posts"}],"about":[{"href":"https:\/\/estado29.mx\/index.php?rest_route=\/wp\/v2\/types\/post"}],"author":[{"embeddable":true,"href":"https:\/\/estado29.mx\/index.php?rest_route=\/wp\/v2\/users\/19"}],"replies":[{"embeddable":true,"href":"https:\/\/estado29.mx\/index.php?rest_route=%2Fwp%2Fv2%2Fcomments&post=53448"}],"version-history":[{"count":1,"href":"https:\/\/estado29.mx\/index.php?rest_route=\/wp\/v2\/posts\/53448\/revisions"}],"predecessor-version":[{"id":53452,"href":"https:\/\/estado29.mx\/index.php?rest_route=\/wp\/v2\/posts\/53448\/revisions\/53452"}],"wp:attachment":[{"href":"https:\/\/estado29.mx\/index.php?rest_route=%2Fwp%2Fv2%2Fmedia&parent=53448"}],"wp:term":[{"taxonomy":"category","embeddable":true,"href":"https:\/\/estado29.mx\/index.php?rest_route=%2Fwp%2Fv2%2Fcategories&post=53448"},{"taxonomy":"post_tag","embeddable":true,"href":"https:\/\/estado29.mx\/index.php?rest_route=%2Fwp%2Fv2%2Ftags&post=53448"}],"curies":[{"name":"wp","href":"https:\/\/api.w.org\/{rel}","templated":true}]}}