{"id":53455,"date":"2019-10-03T09:34:22","date_gmt":"2019-10-03T14:34:22","guid":{"rendered":"http:\/\/estado29.mx\/?p=53455"},"modified":"2019-10-03T09:34:31","modified_gmt":"2019-10-03T14:34:31","slug":"exige-pri-tlaxcala-mayor-presupuesto-para-el-campo-mexicano-en-el-presupuesto-federal-2020","status":"publish","type":"post","link":"https:\/\/estado29.mx\/?p=53455","title":{"rendered":"Exige PRI Tlaxcala  mayor presupuesto para el campo mexicano en el presupuesto federal 2020"},"content":{"rendered":"\n<p>El Presidente del Comit\u00e9 Directivo Estatal (CDE) del Partido Revolucionario Institucional (PRI), Roberto Lima Morales, se sum\u00f3 al llamado del dirigente nacional, Alejandro Moreno C\u00e1rdenas en el sentido de exigir mayores recursos para el campo en el Presupuesto del 2020.<\/p>\n\n\n\n<p>En breve entrevista, y luego de manifestar una leg\u00edtima preocupaci\u00f3n debido a que en la propuesta de gasto del gobierno federal se ajust\u00f3 dr\u00e1sticamente y a la baja el monto destinado al sector, al disminuir m\u00e1s de 30% los recursos en comparaci\u00f3n con el de 2019, llam\u00f3 a los distintos partidos pol\u00edticos de oposici\u00f3n y a la sociedad en general a trabajar juntos en beneficio de un sector que est\u00e1 siendo olvidado en el nuevo gobierno federal que encabeza Morena.<\/p>\n\n\n\n<p>En ese sentido, sentenci\u00f3 que desde Tlaxcala y en los 32 Comit\u00e9s Estatales en coordinaci\u00f3n con el CEN del PRI, defender\u00e1n con firmeza al campo, y sostuvo que de no ampliarse el presupuesto para el campo, ser\u00e1 responsabilidad exclusiva de la bancada de Morena en el Congreso de la Uni\u00f3n.<\/p>\n\n\n\n<p>El presupuesto que se propone para el 2020 a los programas con impacto productivo de la Secretar\u00eda de Agricultura y Desarrollo Rural (SADER) se reduce de 65 mil 434.9 millones de pesos en 2019, a 46 mil 235.1 millones.<\/p>\n\n\n\n<p>De no corregirse \u00e9sta propuesta, el pa\u00eds enfrentar\u00e1 una pronunciada ca\u00edda de la producci\u00f3n agropecuaria y un marcado desequilibrio en la balanza comercial agropecuaria, as\u00ed como, una disminuci\u00f3n en los ingresos de los productores rurales, adem\u00e1s de deteriorar las condiciones de vida y estabilidad social en el medio rural.<\/p>\n\n\n\n<p>LOS N\u00daMEROS:<\/p>\n\n\n\n<p>\u00b7&nbsp;&nbsp;&nbsp;&nbsp;&nbsp;&nbsp;&nbsp;&nbsp;&nbsp;A la Secretar\u00eda de Agricultura y Desarrollo Rural se le redujo su presupuesto en un 29.33% en comparaci\u00f3n con el 2019.<\/p>\n\n\n\n<p>\u00b7&nbsp;&nbsp;&nbsp;&nbsp;&nbsp;&nbsp;&nbsp;&nbsp;&nbsp;A la Secretar\u00eda de Desarrollo Agrario Territorial y Urbano sufre un recorte de 8 mil millones, al pasar de 19 mil millones en el 2019 a 11 mil en el 2020.&nbsp;<\/p>\n\n\n\n<p>\u00b7&nbsp;&nbsp;&nbsp;&nbsp;&nbsp;&nbsp;&nbsp;&nbsp;&nbsp;Reducen los fondos a la agricultura, la pesca y la ganader\u00eda.<\/p>\n\n\n\n<p>\u00b7&nbsp;&nbsp;&nbsp;&nbsp;&nbsp;&nbsp;&nbsp;&nbsp;&nbsp;Los recursos para el fomento a la agricultura se le recorta el 96.53%, casi todo el presupuesto.<\/p>\n\n\n\n<p>\u00b7&nbsp;&nbsp;&nbsp;&nbsp;&nbsp;&nbsp;&nbsp;&nbsp;&nbsp;Al programa de apoyos a la comercializaci\u00f3n de los granos b\u00e1sicos del pa\u00eds le asignan un presupuesto de 129 millones, lo que significa una reducci\u00f3n del 98% comparado con el 2019.<\/p>\n\n\n\n<p>\u00b7&nbsp;&nbsp;&nbsp;&nbsp;&nbsp;&nbsp;&nbsp;&nbsp;&nbsp;El Programa de Precios de Garant\u00eda a Productos Alimentarios B\u00e1sicos lo aumentan a 10 mil millones de pesos, pero los productores sinaloenses por ejemplo, no pueden acceder a este programa, porque el l\u00edmite establecido es m\u00e1ximo 5 hect\u00e1reas de riego y 20 toneladas, por lo que la mayor\u00eda de los agricultores quedan fuera.<\/p>\n\n\n\n<p>\u00b7&nbsp;&nbsp;&nbsp;&nbsp;&nbsp;&nbsp;&nbsp;&nbsp;&nbsp;Al programa de fomento a la productividad pesquera y acu\u00edcola se le recorta un 51%. Pasando de 1,217 millones que tuvo en el 2019 a s\u00f3lo 593 millones en el 2020.<\/p>\n\n\n\n<p>\u00b7&nbsp;&nbsp;&nbsp;&nbsp;&nbsp;&nbsp;&nbsp;&nbsp;&nbsp;Al programa de cr\u00e9dito ganadero a la palabra se propone una reducci\u00f3n del 75% pasando de 4 mil millones en el 2019, a mil millones en el 2020.<\/p>\n\n\n\n<p>\u00b7&nbsp;&nbsp;&nbsp;&nbsp;&nbsp;&nbsp;&nbsp;&nbsp;&nbsp;En el sector agropecuario se dejan 20 programas sin recursos entre los m\u00e1s importantes se encuentran: Agromercados Sociales y Sustentables; Investigaci\u00f3n, innovaci\u00f3n y desarrollo tecnol\u00f3gico agr\u00edcola; Mejoramiento productivo de suelo y agua; Paquetes productivos Pesqueros y acu\u00edcolas; Programa de concurrencia con las entidades federativas; Programa de Fomento Ganadero; Desarrollo productivo del sur sureste; Fortalecimiento a la cadena productiva; Sistema Nacional de Investigaci\u00f3n agr\u00edcola; Energ\u00edas renovables, Adquisici\u00f3n de leche a productores nacionales, entre otros.<\/p>\n\n\n\n<p>\u00b7&nbsp;&nbsp;&nbsp;&nbsp;&nbsp;&nbsp;&nbsp;&nbsp;&nbsp;A todos estos programas y otros no se les asigna ning\u00fan recurso.<\/p>\n","protected":false},"excerpt":{"rendered":"<p>El Presidente del Comit\u00e9 Directivo Estatal (CDE) del Partido Revolucionario Institucional (PRI), Roberto Lima Morales, se sum\u00f3 al llamado del dirigente nacional, Alejandro Moreno C\u00e1rdenas en el sentido de exigir mayores recursos para el campo en el Presupuesto del 2020. En breve entrevista, y luego de manifestar una leg\u00edtima preocupaci\u00f3n debido a que en la [&hellip;]<\/p>\n","protected":false},"author":12,"featured_media":0,"comment_status":"closed","ping_status":"open","sticky":false,"template":"","format":"standard","meta":{"om_disable_all_campaigns":false,"_monsterinsights_skip_tracking":false,"_monsterinsights_sitenote_active":false,"_monsterinsights_sitenote_note":"","_monsterinsights_sitenote_category":0,"jnews-multi-image_gallery":[],"jnews_single_post":[],"jnews_primary_category":[],"footnotes":""},"categories":[],"tags":[],"class_list":["post-53455","post","type-post","status-publish","format-standard","hentry"],"aioseo_notices":[],"_links":{"self":[{"href":"https:\/\/estado29.mx\/index.php?rest_route=\/wp\/v2\/posts\/53455","targetHints":{"allow":["GET"]}}],"collection":[{"href":"https:\/\/estado29.mx\/index.php?rest_route=\/wp\/v2\/posts"}],"about":[{"href":"https:\/\/estado29.mx\/index.php?rest_route=\/wp\/v2\/types\/post"}],"author":[{"embeddable":true,"href":"https:\/\/estado29.mx\/index.php?rest_route=\/wp\/v2\/users\/12"}],"replies":[{"embeddable":true,"href":"https:\/\/estado29.mx\/index.php?rest_route=%2Fwp%2Fv2%2Fcomments&post=53455"}],"version-history":[{"count":1,"href":"https:\/\/estado29.mx\/index.php?rest_route=\/wp\/v2\/posts\/53455\/revisions"}],"predecessor-version":[{"id":53458,"href":"https:\/\/estado29.mx\/index.php?rest_route=\/wp\/v2\/posts\/53455\/revisions\/53458"}],"wp:attachment":[{"href":"https:\/\/estado29.mx\/index.php?rest_route=%2Fwp%2Fv2%2Fmedia&parent=53455"}],"wp:term":[{"taxonomy":"category","embeddable":true,"href":"https:\/\/estado29.mx\/index.php?rest_route=%2Fwp%2Fv2%2Fcategories&post=53455"},{"taxonomy":"post_tag","embeddable":true,"href":"https:\/\/estado29.mx\/index.php?rest_route=%2Fwp%2Fv2%2Ftags&post=53455"}],"curies":[{"name":"wp","href":"https:\/\/api.w.org\/{rel}","templated":true}]}}