{"id":53463,"date":"2019-10-03T09:44:05","date_gmt":"2019-10-03T14:44:05","guid":{"rendered":"http:\/\/estado29.mx\/?p=53463"},"modified":"2019-10-03T09:44:14","modified_gmt":"2019-10-03T14:44:14","slug":"encabeza-sandra-chavez-caravana-dia-del-adulto-mayor-en-xaloztoc","status":"publish","type":"post","link":"https:\/\/estado29.mx\/?p=53463","title":{"rendered":"Encabeza Sandra Ch\u00e1vez &#8220;Caravana d\u00eda del adulto mayor&#8221; en Xaloztoc"},"content":{"rendered":"\n<p><em>\u2022 Al festejo acudieron 500 personas de los municipios de El Carmen Tequexquitla, Cuapiaxtla, Huamantla, Ixtenco, Zitlaltepec, Terrenate, Emiliano Zapata, L\u00e1zaro C\u00e1rdenas, Atltzayanca, Tocatl\u00e1n, Tzompantepec y Teacalco.<\/em><\/p>\n\n\n\n<p>La &#8220;Caravana D\u00eda del Adulto Mayor&#8221; del Sistema Estatal para el Desarrollo Integral de la Familia (DIF) lleg\u00f3 al municipio de Xaloztoc, con el objetivo de promover la cultura de respeto a los derechos de las personas de la tercera edad.<\/p>\n\n\n\n<p>Sandra Ch\u00e1vez Ruelas, Presidenta Honor\u00edfica del DIF Estatal, llam\u00f3 a los familiares de los adultos mayores a reconocer el trabajo y dedicaci\u00f3n que este sector de la poblaci\u00f3n ha realizado para sacarlos adelante.<\/p>\n\n\n\n<p>\u201cEspero que en sus hogares sus hijos y familia les reconozcan a todos y cada uno de ustedes sus experiencias, porque no hay ning\u00fan libro que sepa y ense\u00f1e lo que ustedes saben de la vida\u201d, enfatiz\u00f3.<\/p>\n\n\n\n<p>Ch\u00e1vez Ruelas reconoci\u00f3 que las personas adultas tienen un papel fundamental dentro de la sociedad tlaxcalteca, por lo que con este tipo de eventos se busca incentivar su valoraci\u00f3n y cuidado.<\/p>\n\n\n\n<p>En compa\u00f1\u00eda de 500 adultos mayores de los municipios de Xaloztoc, El Carmen Tequexquitla, Cuapiaxtla, Huamantla, Ixtenco, Zitlaltepec, Terrenate, Emiliano Zapata, L\u00e1zaro C\u00e1rdenas, Atltzayanca, Tocatl\u00e1n, Tzompantepec y Teacalco, Sandra Ch\u00e1vez Ruelas disfrut\u00f3 de la presentaci\u00f3n de la Orquesta del Gobierno del Estado y del cantante Jorge Calva, quien interpret\u00f3 canciones de m\u00fasica regional mexicana.<\/p>\n\n\n\n<p>Como parte del evento se imparti\u00f3 la pl\u00e1tica \u201cCuidado del adulto mayor\u201d, con el prop\u00f3sito de que los asistentes reflexionaran sobre la importancia del autocuidado para disfrutar de esta etapa de la vida.<\/p>\n\n\n\n<p>En tanto, Mario L\u00f3pez L\u00f3pez, Presidente Municipal de Xaloztoc, resalt\u00f3 que las acciones que realiza el DIF Estatal est\u00e1n encaminadas a reconocer la aportaci\u00f3n de los adultos mayores a la sociedad.<\/p>\n","protected":false},"excerpt":{"rendered":"<p>\u2022 Al festejo acudieron 500 personas de los municipios de El Carmen Tequexquitla, Cuapiaxtla, Huamantla, Ixtenco, Zitlaltepec, Terrenate, Emiliano Zapata, L\u00e1zaro C\u00e1rdenas, Atltzayanca, Tocatl\u00e1n, Tzompantepec y Teacalco. La &#8220;Caravana D\u00eda del Adulto Mayor&#8221; del Sistema Estatal para el Desarrollo Integral de la Familia (DIF) lleg\u00f3 al municipio de Xaloztoc, con el objetivo de promover la [&hellip;]<\/p>\n","protected":false},"author":12,"featured_media":0,"comment_status":"closed","ping_status":"open","sticky":false,"template":"","format":"standard","meta":{"om_disable_all_campaigns":false,"_monsterinsights_skip_tracking":false,"_monsterinsights_sitenote_active":false,"_monsterinsights_sitenote_note":"","_monsterinsights_sitenote_category":0,"jnews-multi-image_gallery":[],"jnews_single_post":[],"jnews_primary_category":[],"footnotes":""},"categories":[],"tags":[],"class_list":["post-53463","post","type-post","status-publish","format-standard","hentry"],"aioseo_notices":[],"_links":{"self":[{"href":"https:\/\/estado29.mx\/index.php?rest_route=\/wp\/v2\/posts\/53463","targetHints":{"allow":["GET"]}}],"collection":[{"href":"https:\/\/estado29.mx\/index.php?rest_route=\/wp\/v2\/posts"}],"about":[{"href":"https:\/\/estado29.mx\/index.php?rest_route=\/wp\/v2\/types\/post"}],"author":[{"embeddable":true,"href":"https:\/\/estado29.mx\/index.php?rest_route=\/wp\/v2\/users\/12"}],"replies":[{"embeddable":true,"href":"https:\/\/estado29.mx\/index.php?rest_route=%2Fwp%2Fv2%2Fcomments&post=53463"}],"version-history":[{"count":1,"href":"https:\/\/estado29.mx\/index.php?rest_route=\/wp\/v2\/posts\/53463\/revisions"}],"predecessor-version":[{"id":53466,"href":"https:\/\/estado29.mx\/index.php?rest_route=\/wp\/v2\/posts\/53463\/revisions\/53466"}],"wp:attachment":[{"href":"https:\/\/estado29.mx\/index.php?rest_route=%2Fwp%2Fv2%2Fmedia&parent=53463"}],"wp:term":[{"taxonomy":"category","embeddable":true,"href":"https:\/\/estado29.mx\/index.php?rest_route=%2Fwp%2Fv2%2Fcategories&post=53463"},{"taxonomy":"post_tag","embeddable":true,"href":"https:\/\/estado29.mx\/index.php?rest_route=%2Fwp%2Fv2%2Ftags&post=53463"}],"curies":[{"name":"wp","href":"https:\/\/api.w.org\/{rel}","templated":true}]}}