{"id":53479,"date":"2019-10-03T15:36:51","date_gmt":"2019-10-03T20:36:51","guid":{"rendered":"http:\/\/estado29.mx\/?p=53479"},"modified":"2019-10-03T15:36:59","modified_gmt":"2019-10-03T20:36:59","slug":"fortalece-pgje-su-infraestructura-con-sala-de-practicas-de-juicios-orales","status":"publish","type":"post","link":"https:\/\/estado29.mx\/?p=53479","title":{"rendered":"Fortalece PGJE su infraestructura con sala de pr\u00e1cticas de juicios orales"},"content":{"rendered":"\n<p><em>\u2022 Adem\u00e1s se cre\u00f3 un \u00e1rea l\u00fadica y un albergue temporal en la Unidad Especializada para la Investigaci\u00f3n del Delito de Trata de Personas.<\/em><\/p>\n\n\n\n<p>Como parte del compromiso para dotar de espacios de vanguardia y acorde a las necesidades del personal operativo, la Procuradur\u00eda General de Justicia del Estado (PGJE) contar\u00e1 con una sala de pr\u00e1cticas de juicios orales, en la que se desahogar\u00e1n simulaciones de audiencias para evaluar y mejorar el desempe\u00f1o de agentes del Ministerio P\u00fablico, polic\u00edas de investigaci\u00f3n y peritos.<\/p>\n\n\n\n<p>El titular de la PGJE, Jos\u00e9 Antonio Aquiahuatl S\u00e1nchez, realiz\u00f3 un recorrido de lo que ser\u00e1n las nuevas instalaciones para lo que se destinar\u00e1 una inversi\u00f3n de 994 mil 252 pesos por concepto de obra del Fondo de Aportaciones para la Seguridad P\u00fablica (FASP).<\/p>\n\n\n\n<p>Aquiahuatl S\u00e1nchez detall\u00f3 que se trata de una rehabilitaci\u00f3n de lo que anteriormente funcionaba como auditorio y gimnasio al interior de la dependencia, con la finalidad de modernizar las instalaciones y ofrecer un espacio para que cualquier especialista practique y grabe su intervenci\u00f3n, la cual podr\u00e1 revisar para corregir errores y mejorar su desempe\u00f1o.<\/p>\n\n\n\n<p>La infraestructura estar\u00e1 a disposici\u00f3n del personal de la Procuradur\u00eda de Tlaxcala, as\u00ed como para corporaciones policiacas que deseen realizar pr\u00e1cticas.<\/p>\n\n\n\n<p>Con esta construcci\u00f3n, la dependencia refuerza los conocimientos t\u00e9cnicos y habilidades pr\u00e1cticas del personal para contar con servidores p\u00fablicos vers\u00e1tiles, solventes y preparados para intervenir en un juicio oral.<\/p>\n\n\n\n<p>En su oportunidad, Sof\u00eda Irais Montes Temoltzin, titular del \u00e1rea de Mantenimiento e Infraestructura de la PGJE y encargada del seguimiento de la obra, explic\u00f3 que la adecuaci\u00f3n que contempla tambi\u00e9n la remodelaci\u00f3n del auditorio y la construcci\u00f3n de una obra exterior que ser\u00e1 utilizada como cafeter\u00eda est\u00e1 a cargo de la Secretar\u00eda de Obras P\u00fablicas, Desarrollo Urbano y Vivienda (Secoduvi).<\/p>\n\n\n\n<p>Detall\u00f3 que, en su conjunto las tres obras se tienen programadas para que concluyan en noviembre del a\u00f1o en curso, ya que hasta el momento llevan un avance f\u00edsico del 45 por ciento. En tanto, personal administrativo realiza las cotizaciones y gestiones correspondientes para equipar los inmuebles, los cuales se estar\u00e1n inaugurando en el primer semestre de 2020.<\/p>\n\n\n\n<p>Durante el recorrido, tambi\u00e9n se supervis\u00f3 la operatividad de la Unidad Especializada para la Investigaci\u00f3n del Delito de Trata de Personas, en la cual recientemente se crearon un \u00e1rea l\u00fadica y un albergue temporal.<\/p>\n\n\n\n<p>Respecto al funcionamiento de estas \u00e1reas, la Agente del Ministerio P\u00fablico titular de la Unidad, Areli Salda\u00f1a Ortega, coment\u00f3 que la finalidad es brindar espacios de esparcimiento para los menores hijos de las v\u00edctimas directas del delito de trata de personas, quienes tienen la calidad de ofendidos; adem\u00e1s, de establecer mecanismos efectivos que garanticen la debida atenci\u00f3n a las afectadas, prevaleciendo en todo momento su m\u00e1xima protecci\u00f3n.<\/p>\n\n\n\n<p>En el albergue temporal las v\u00edctimas de trata de personas, violencia sexual y secuestro reciben medidas de protecci\u00f3n y atenci\u00f3n junto con sus hijos menores, con el af\u00e1n de que cuenten con respaldo integral para su recuperaci\u00f3n f\u00edsica y emocional.<\/p>\n\n\n\n<p>En este mismo espacio se les brindan diferentes servicios como atenci\u00f3n psicol\u00f3gica y de salud; mientras que para la comodidad de las personas el albergue cuenta con un \u00e1rea de dormitorios que incluye ocho literas, dos cunas, 16 colchones y 16 juegos de sabanas, para lo cual se destin\u00f3 una inversi\u00f3n de 123 mil 591 pesos.<\/p>\n\n\n\n<p>Con estas acciones, la PGJE fortalece \u00e1reas fundamentales para llevar a cabo trabajos operativos en favor de una procuraci\u00f3n de justicia expedita; adem\u00e1s de transformarse en una instituci\u00f3n de vanguardia que brinda un servicio profesional y de calidad.<br><\/p>\n","protected":false},"excerpt":{"rendered":"<p>\u2022 Adem\u00e1s se cre\u00f3 un \u00e1rea l\u00fadica y un albergue temporal en la Unidad Especializada para la Investigaci\u00f3n del Delito de Trata de Personas. Como parte del compromiso para dotar de espacios de vanguardia y acorde a las necesidades del personal operativo, la Procuradur\u00eda General de Justicia del Estado (PGJE) contar\u00e1 con una sala de [&hellip;]<\/p>\n","protected":false},"author":12,"featured_media":0,"comment_status":"closed","ping_status":"open","sticky":false,"template":"","format":"standard","meta":{"om_disable_all_campaigns":false,"_monsterinsights_skip_tracking":false,"_monsterinsights_sitenote_active":false,"_monsterinsights_sitenote_note":"","_monsterinsights_sitenote_category":0,"jnews-multi-image_gallery":[],"jnews_single_post":[],"jnews_primary_category":[],"footnotes":""},"categories":[],"tags":[],"class_list":["post-53479","post","type-post","status-publish","format-standard","hentry"],"aioseo_notices":[],"_links":{"self":[{"href":"https:\/\/estado29.mx\/index.php?rest_route=\/wp\/v2\/posts\/53479","targetHints":{"allow":["GET"]}}],"collection":[{"href":"https:\/\/estado29.mx\/index.php?rest_route=\/wp\/v2\/posts"}],"about":[{"href":"https:\/\/estado29.mx\/index.php?rest_route=\/wp\/v2\/types\/post"}],"author":[{"embeddable":true,"href":"https:\/\/estado29.mx\/index.php?rest_route=\/wp\/v2\/users\/12"}],"replies":[{"embeddable":true,"href":"https:\/\/estado29.mx\/index.php?rest_route=%2Fwp%2Fv2%2Fcomments&post=53479"}],"version-history":[{"count":1,"href":"https:\/\/estado29.mx\/index.php?rest_route=\/wp\/v2\/posts\/53479\/revisions"}],"predecessor-version":[{"id":53482,"href":"https:\/\/estado29.mx\/index.php?rest_route=\/wp\/v2\/posts\/53479\/revisions\/53482"}],"wp:attachment":[{"href":"https:\/\/estado29.mx\/index.php?rest_route=%2Fwp%2Fv2%2Fmedia&parent=53479"}],"wp:term":[{"taxonomy":"category","embeddable":true,"href":"https:\/\/estado29.mx\/index.php?rest_route=%2Fwp%2Fv2%2Fcategories&post=53479"},{"taxonomy":"post_tag","embeddable":true,"href":"https:\/\/estado29.mx\/index.php?rest_route=%2Fwp%2Fv2%2Ftags&post=53479"}],"curies":[{"name":"wp","href":"https:\/\/api.w.org\/{rel}","templated":true}]}}