{"id":53521,"date":"2019-10-04T07:26:47","date_gmt":"2019-10-04T12:26:47","guid":{"rendered":"http:\/\/estado29.mx\/?p=53521"},"modified":"2019-10-04T07:26:56","modified_gmt":"2019-10-04T12:26:56","slug":"encabeza-sandra-chavez-conferencia-la-adopcion-enfocada-a-los-derechos-de-la-ninez-desde-la-neurociencia","status":"publish","type":"post","link":"https:\/\/estado29.mx\/?p=53521","title":{"rendered":"Encabeza Sandra Ch\u00e1vez conferencia &#8220;la adopci\u00f3n enfocada a los derechos de la ni\u00f1ez, desde la neurociencia&#8221;"},"content":{"rendered":"\n<p>\u2022&nbsp;<em>La ponencia se llev\u00f3 a cabo en coordinaci\u00f3n con el Tribunal Superior de Justicia del Estado.<\/em><\/p>\n\n\n\n<p>Sandra Ch\u00e1vez Ruelas, Presidenta Honor\u00edfica del Sistema Estatal para el Desarrollo Integral de la Familia (DIF), encabez\u00f3 la conferencia &#8220;La adopci\u00f3n enfocada a los derechos de la ni\u00f1ez, desde la neurociencia\u201d, que se realiz\u00f3 para capacitar y sensibilizar al personal del DIF Estatal y del Tribunal Superior de Justicia del Estado (TSJE) en torno a los principios de restituci\u00f3n del derecho a vivir en familia de los infantes.<\/p>\n\n\n\n<p>En las instalaciones de Ciudad Judicial, Ch\u00e1vez Ruelas resalt\u00f3 el compromiso del DIF Estatal con los infantes que atiende el Centro de Asistencia Social (CAS) de la dependencia, a quienes se les brindan servicios integrales para incrementar sus niveles de bienestar y calidad de vida.<\/p>\n\n\n\n<p>La Presidenta Honor\u00edfica del DIF Estatal invit\u00f3 a los representantes de los tres poderes en la entidad a trabajar de manera conjunta para cumplir el sue\u00f1o de ni\u00f1as y ni\u00f1os de vivir en familia.<\/p>\n\n\n\n<p>\u201cLos infantes sienten, viven y crecen, por esta raz\u00f3n es fundamental sumar esfuerzos para facilitar y garantizar el derecho que tienen a pertenecer a una familia y que la parte jur\u00eddica tambi\u00e9n sea sensible en la atenci\u00f3n a estos casos&#8221;, mencion\u00f3.<\/p>\n\n\n\n<p>Durante la ponencia organizada en coordinaci\u00f3n con el Tribunal Superior de Justicia del Estado, los servidores p\u00fablicos fortalecieron sus conocimientos en torno al tema de adopciones.<\/p>\n\n\n\n<p>En su oportunidad, Mario Antonio de Jes\u00fas Jim\u00e9nez Mart\u00ednez, Magistrado Presidente del Tribunal Superior de Justicia del Estado, reconoci\u00f3 las acciones que realiza la Administraci\u00f3n Estatal para priorizar los derechos de ni\u00f1as y ni\u00f1os, a fin de que se desarrollen en un ambiente familiar.<\/p>\n\n\n\n<p>Cabe se\u00f1alar que durante la conferencia se abordaron los temas: \u201cPrincipios de la restituci\u00f3n del derecho a vivir en familia de ni\u00f1as, ni\u00f1os y adolescentes sujetos de adopci\u00f3n\u201d y \u201cNuevas perspectivas desde la neurociencia de ni\u00f1as, ni\u00f1os y adolescentes sin cuidados parentales o sujetos de adopci\u00f3n\u201d.<\/p>\n\n\n\n<p>Como parte de la conferencia, el Psic\u00f3logo Oscar Joe Rivas Lozano plante\u00f3 diversos escenarios por los que atraviesan ni\u00f1as, ni\u00f1os y adolescentes durante el proceso de adopci\u00f3n.<\/p>\n\n\n\n<p>En ese mismo sentido, Rivas Lozano explic\u00f3 la importancia de que los infantes tengan la oportunidad de integrarse en una familia, que les permita tener una estabilidad emocional, con el objetivo de que en el futuro sean personas felices.<\/p>\n","protected":false},"excerpt":{"rendered":"<p>\u2022&nbsp;La ponencia se llev\u00f3 a cabo en coordinaci\u00f3n con el Tribunal Superior de Justicia del Estado. Sandra Ch\u00e1vez Ruelas, Presidenta Honor\u00edfica del Sistema Estatal para el Desarrollo Integral de la Familia (DIF), encabez\u00f3 la conferencia &#8220;La adopci\u00f3n enfocada a los derechos de la ni\u00f1ez, desde la neurociencia\u201d, que se realiz\u00f3 para capacitar y sensibilizar al [&hellip;]<\/p>\n","protected":false},"author":12,"featured_media":0,"comment_status":"closed","ping_status":"open","sticky":false,"template":"","format":"standard","meta":{"om_disable_all_campaigns":false,"_monsterinsights_skip_tracking":false,"_monsterinsights_sitenote_active":false,"_monsterinsights_sitenote_note":"","_monsterinsights_sitenote_category":0,"jnews-multi-image_gallery":[],"jnews_single_post":[],"jnews_primary_category":[],"footnotes":""},"categories":[],"tags":[],"class_list":["post-53521","post","type-post","status-publish","format-standard","hentry"],"aioseo_notices":[],"_links":{"self":[{"href":"https:\/\/estado29.mx\/index.php?rest_route=\/wp\/v2\/posts\/53521","targetHints":{"allow":["GET"]}}],"collection":[{"href":"https:\/\/estado29.mx\/index.php?rest_route=\/wp\/v2\/posts"}],"about":[{"href":"https:\/\/estado29.mx\/index.php?rest_route=\/wp\/v2\/types\/post"}],"author":[{"embeddable":true,"href":"https:\/\/estado29.mx\/index.php?rest_route=\/wp\/v2\/users\/12"}],"replies":[{"embeddable":true,"href":"https:\/\/estado29.mx\/index.php?rest_route=%2Fwp%2Fv2%2Fcomments&post=53521"}],"version-history":[{"count":1,"href":"https:\/\/estado29.mx\/index.php?rest_route=\/wp\/v2\/posts\/53521\/revisions"}],"predecessor-version":[{"id":53524,"href":"https:\/\/estado29.mx\/index.php?rest_route=\/wp\/v2\/posts\/53521\/revisions\/53524"}],"wp:attachment":[{"href":"https:\/\/estado29.mx\/index.php?rest_route=%2Fwp%2Fv2%2Fmedia&parent=53521"}],"wp:term":[{"taxonomy":"category","embeddable":true,"href":"https:\/\/estado29.mx\/index.php?rest_route=%2Fwp%2Fv2%2Fcategories&post=53521"},{"taxonomy":"post_tag","embeddable":true,"href":"https:\/\/estado29.mx\/index.php?rest_route=%2Fwp%2Fv2%2Ftags&post=53521"}],"curies":[{"name":"wp","href":"https:\/\/api.w.org\/{rel}","templated":true}]}}