{"id":53536,"date":"2019-10-04T20:23:22","date_gmt":"2019-10-05T01:23:22","guid":{"rendered":"http:\/\/estado29.mx\/?p=53536"},"modified":"2019-10-04T20:23:32","modified_gmt":"2019-10-05T01:23:32","slug":"satisfecha-gep-por-trabajo-hecho-en-el-dif-de-huamantla","status":"publish","type":"post","link":"https:\/\/estado29.mx\/?p=53536","title":{"rendered":"Satisfecha GEP por trabajo hecho en el DIF de Huamantla."},"content":{"rendered":"\n<p>Gabriela Escamilla P\u00e9rez, Presidenta Honorifica del Sistema de Desarrollo Integral para la Familia en Huamantla, dio a conocer que se encuentra contenta por los logros que se lograron obtener durante este 2019, despu\u00e9s de realizar gestiones y trabajo coordinado con el ayuntamiento del pueblo m\u00e1gico. <\/p>\n\n\n\n<p><br> En este sentido, se\u00f1al\u00f3 que a\u00fan falta por realizar acciones en donde se ver\u00e1n beneficiados un mayor n\u00famero de personas, a fin de que estas que se encuentran en situaci\u00f3n de vulnerabilidad puedan contar con mejores condiciones de vida. <\/p>\n\n\n\n<p><br> \u201cQueremos agradecer a toda la ciudadan\u00eda que ha confiado en nosotros, por dejarse apoyar con los servicios que ofrece el sistema a muy bajo costo, como psicolog\u00eda, nutrici\u00f3n, la cl\u00ednica de rehabilitaci\u00f3n, entre otras\u201d, comparti\u00f3 Escamilla P\u00e9rez. <\/p>\n\n\n\n<p><br> Cabe se\u00f1alar que, durante estos \u00faltimos meses del 2019, la presidenta del DIF, comparti\u00f3 que ser\u00e1n repartidos algunos pares de zapatos a los ni\u00f1os principalmente que m\u00e1s lo requieren, que ser\u00e1n donados por los integrantes de la \u201cFeria del calzado\u201d, por las facilidades otorgadas por el ayuntamiento de Huamantla.<\/p>\n","protected":false},"excerpt":{"rendered":"<p>Gabriela Escamilla P\u00e9rez, Presidenta Honorifica del Sistema de Desarrollo Integral para la Familia en Huamantla, dio a conocer que se encuentra contenta por los logros que se lograron obtener durante este 2019, despu\u00e9s de realizar gestiones y trabajo coordinado con el ayuntamiento del pueblo m\u00e1gico. En este sentido, se\u00f1al\u00f3 que a\u00fan falta por realizar acciones [&hellip;]<\/p>\n","protected":false},"author":19,"featured_media":0,"comment_status":"closed","ping_status":"open","sticky":false,"template":"","format":"standard","meta":{"om_disable_all_campaigns":false,"_monsterinsights_skip_tracking":false,"_monsterinsights_sitenote_active":false,"_monsterinsights_sitenote_note":"","_monsterinsights_sitenote_category":0,"jnews-multi-image_gallery":[],"jnews_single_post":[],"jnews_primary_category":[],"footnotes":""},"categories":[],"tags":[],"class_list":["post-53536","post","type-post","status-publish","format-standard","hentry"],"aioseo_notices":[],"_links":{"self":[{"href":"https:\/\/estado29.mx\/index.php?rest_route=\/wp\/v2\/posts\/53536","targetHints":{"allow":["GET"]}}],"collection":[{"href":"https:\/\/estado29.mx\/index.php?rest_route=\/wp\/v2\/posts"}],"about":[{"href":"https:\/\/estado29.mx\/index.php?rest_route=\/wp\/v2\/types\/post"}],"author":[{"embeddable":true,"href":"https:\/\/estado29.mx\/index.php?rest_route=\/wp\/v2\/users\/19"}],"replies":[{"embeddable":true,"href":"https:\/\/estado29.mx\/index.php?rest_route=%2Fwp%2Fv2%2Fcomments&post=53536"}],"version-history":[{"count":1,"href":"https:\/\/estado29.mx\/index.php?rest_route=\/wp\/v2\/posts\/53536\/revisions"}],"predecessor-version":[{"id":53540,"href":"https:\/\/estado29.mx\/index.php?rest_route=\/wp\/v2\/posts\/53536\/revisions\/53540"}],"wp:attachment":[{"href":"https:\/\/estado29.mx\/index.php?rest_route=%2Fwp%2Fv2%2Fmedia&parent=53536"}],"wp:term":[{"taxonomy":"category","embeddable":true,"href":"https:\/\/estado29.mx\/index.php?rest_route=%2Fwp%2Fv2%2Fcategories&post=53536"},{"taxonomy":"post_tag","embeddable":true,"href":"https:\/\/estado29.mx\/index.php?rest_route=%2Fwp%2Fv2%2Ftags&post=53536"}],"curies":[{"name":"wp","href":"https:\/\/api.w.org\/{rel}","templated":true}]}}