{"id":53541,"date":"2019-10-07T07:59:46","date_gmt":"2019-10-07T12:59:46","guid":{"rendered":"http:\/\/estado29.mx\/?p=53541"},"modified":"2019-10-05T19:37:57","modified_gmt":"2019-10-06T00:37:57","slug":"sindicato-liberacion-4-de-octubre-celebra-su-sexto-aniversario","status":"publish","type":"post","link":"https:\/\/estado29.mx\/?p=53541","title":{"rendered":"Sindicato &#8220;liberaci\u00f3n 4 de Octubre&#8221; celebra su Sexto Aniversario"},"content":{"rendered":"\n<p>&nbsp;En el marco del Sexto Aniversario del\nSindicato de trabajadores al servicio &nbsp;de\nlos poderes, municipios, organismos descentralizados, similares y conexos del estado\nde Tlaxcala &nbsp;\u201cLiberaci\u00f3n 4 de octubre\u201d,\nlos integrantes del comit\u00e9 ejecutivo y de vigilancia, llevaron a cabo una celebraci\u00f3n,\na bien de reconocer el trabajo logrado a trav\u00e9s del d\u00eda a d\u00eda, en el cual se ha\ndemostrado mediante el desempe\u00f1o de los basificados.<\/p>\n\n\n\n<p>En este sentido, Diego Hern\u00e1ndez Le\u00f3n durante su mensaje detall\u00f3 que se han tenido grandes logros\u00a0 y uno de ellos ha sido\u00a0 la toma de nota que fue entregada\u00a0 por el Poder Judicial de la Federaci\u00f3n, acci\u00f3n jur\u00eddica que da certeza y estabilidad para continuar\u00a0 velando por los intereses\u00a0 de cada uno de los integrantes\u00a0 del sindicato \u201cLiberaci\u00f3n 4 de octubre\u201d<\/p>\n\n\n\n<figure class=\"wp-block-image\"><img decoding=\"async\" src=\"http:\/\/estado29.mx\/wp-content\/uploads\/2019\/10\/sindicato-7.jpg\" alt=\"\" class=\"wp-image-53544\"\/><\/figure>\n\n\n\n<p>Cabe destacar, que previo a la celebraci\u00f3n se llev\u00f3 a cabo una misa de acci\u00f3n de gracias, para posteriormente darse cita al festejo en un reconocido restaurante de la capital tlaxcalteca. Encabezaron la celebraci\u00f3n sindical Noem\u00ed Carmona, Susana Tapia, Karla Feregrino, Paul Duran, Ricardo Xicot\u00e9ncatl, Ulises Paul; todos ellos\u00a0 en su calidad de integrantes de los comit\u00e9s ejecutivo y de vigilancia.<\/p>\n\n\n\n<figure class=\"wp-block-image\"><img decoding=\"async\" src=\"blob:http:\/\/estado29.mx\/c16fd1a1-fade-44df-aa46-3682b6912003\" alt=\"\"\/><\/figure>\n\n\n\n<p>Al evento asistieron la Presidenta de la Junta de Coordinaci\u00f3n y Concertaci\u00f3n Pol\u00edtica del Congreso del Estado Irma Garay Loredo, sus hom\u00f3logos Luz Vera D\u00edaz, Zonia Montiel Candaneda y Javier Rafael Ortega Blancas, este \u00faltimo en su calidad de Presidente del Comit\u00e9 de Administraci\u00f3n del Poder Legislativo; de igual manera se tuvo la presencia del responsable del representante de la Oficial\u00eda Mayor de Gobierno Miguel Sastre Dur\u00e1n y del responsable de la Comisi\u00f3n de Agua Potable del Municipio de Tlaxcala. <\/p>\n\n\n\n<p>Finalmente, Hern\u00e1ndez Le\u00f3n, hizo un llamado\u00a0 para continuar en unidad interior y exterior del sindicato, mediante un compromiso\u00a0 de realizar un trabajo con vocaci\u00f3n al servicio, mediante la integraci\u00f3n que se tiene en los tres poderes, municipios y organismos descentralizados. <\/p>\n\n\n\n<p><\/p>\n","protected":false},"excerpt":{"rendered":"<p>&nbsp;En el marco del Sexto Aniversario del Sindicato de trabajadores al servicio &nbsp;de los poderes, municipios, organismos descentralizados, similares y conexos del estado de Tlaxcala &nbsp;\u201cLiberaci\u00f3n 4 de octubre\u201d, los integrantes del comit\u00e9 ejecutivo y de vigilancia, llevaron a cabo una celebraci\u00f3n, a bien de reconocer el trabajo logrado a trav\u00e9s del d\u00eda a d\u00eda, [&hellip;]<\/p>\n","protected":false},"author":12,"featured_media":0,"comment_status":"closed","ping_status":"open","sticky":false,"template":"","format":"standard","meta":{"om_disable_all_campaigns":false,"_monsterinsights_skip_tracking":false,"_monsterinsights_sitenote_active":false,"_monsterinsights_sitenote_note":"","_monsterinsights_sitenote_category":0,"jnews-multi-image_gallery":[],"jnews_single_post":[],"jnews_primary_category":[],"footnotes":""},"categories":[],"tags":[],"class_list":["post-53541","post","type-post","status-publish","format-standard","hentry"],"aioseo_notices":[],"_links":{"self":[{"href":"https:\/\/estado29.mx\/index.php?rest_route=\/wp\/v2\/posts\/53541","targetHints":{"allow":["GET"]}}],"collection":[{"href":"https:\/\/estado29.mx\/index.php?rest_route=\/wp\/v2\/posts"}],"about":[{"href":"https:\/\/estado29.mx\/index.php?rest_route=\/wp\/v2\/types\/post"}],"author":[{"embeddable":true,"href":"https:\/\/estado29.mx\/index.php?rest_route=\/wp\/v2\/users\/12"}],"replies":[{"embeddable":true,"href":"https:\/\/estado29.mx\/index.php?rest_route=%2Fwp%2Fv2%2Fcomments&post=53541"}],"version-history":[{"count":2,"href":"https:\/\/estado29.mx\/index.php?rest_route=\/wp\/v2\/posts\/53541\/revisions"}],"predecessor-version":[{"id":53546,"href":"https:\/\/estado29.mx\/index.php?rest_route=\/wp\/v2\/posts\/53541\/revisions\/53546"}],"wp:attachment":[{"href":"https:\/\/estado29.mx\/index.php?rest_route=%2Fwp%2Fv2%2Fmedia&parent=53541"}],"wp:term":[{"taxonomy":"category","embeddable":true,"href":"https:\/\/estado29.mx\/index.php?rest_route=%2Fwp%2Fv2%2Fcategories&post=53541"},{"taxonomy":"post_tag","embeddable":true,"href":"https:\/\/estado29.mx\/index.php?rest_route=%2Fwp%2Fv2%2Ftags&post=53541"}],"curies":[{"name":"wp","href":"https:\/\/api.w.org\/{rel}","templated":true}]}}