{"id":53579,"date":"2019-10-07T14:30:33","date_gmt":"2019-10-07T19:30:33","guid":{"rendered":"http:\/\/estado29.mx\/?p=53579"},"modified":"2019-10-07T14:30:55","modified_gmt":"2019-10-07T19:30:55","slug":"se-registra-accidente-sobre-la-carretera-mexico-veracruz-en-huamantla","status":"publish","type":"post","link":"https:\/\/estado29.mx\/?p=53579","title":{"rendered":"Se registra accidente sobre la carretera M\u00e9xico Veracruz, en Huamantla."},"content":{"rendered":"\n<p>Esta ma\u00f1ana se registr\u00f3 un accidente automovil\u00edstico sobre\nla carretera M\u00e9xico Veracruz, en el libramiento oriente de la ciudad, frente a\nla escuela UPAEP, donde una camioneta tipo lobo con placas de circulaci\u00f3n PXH-209-B\ndel estado de Morelos, se impact\u00f3 con un se\u00f1alamiento y una luminaria, debido a\nque otro veh\u00edculo el cual se dio a la fuga le desplaza el cruce y sale de la\ncinta asf\u00e1ltica. <\/p>\n\n\n\n<p>En el lugar se registraron da\u00f1os materiales as\u00ed como dos\npersonas lesionadas, sin embargo, estas fueron atendidas por elementos de Cruz\nRoja, por lo que no ameritaron ser trasladados hacia alg\u00fan nosocomio de la ciudad.<\/p>\n\n\n\n<p>De este hecho se encargaron elementos de la Polic\u00eda Federal,\nsin embargo, acudi\u00f3 la polic\u00eda municipal de Huamantla, as\u00ed como la Coordinaci\u00f3n\nde Protecci\u00f3n Civil, al mando de Renato D\u00edaz Contreras. <\/p>\n\n\n\n<p>Por esta raz\u00f3n, se extrema a los automovilistas tomar\nprecauciones en el punto conocido como los sem\u00e1foros de la escuela UPAEP, ya\nque por el momento no habr\u00e1 sem\u00e1foro debido al percance que se registr\u00f3. <\/p>\n","protected":false},"excerpt":{"rendered":"<p>Esta ma\u00f1ana se registr\u00f3 un accidente automovil\u00edstico sobre la carretera M\u00e9xico Veracruz, en el libramiento oriente de la ciudad, frente a la escuela UPAEP, donde una camioneta tipo lobo con placas de circulaci\u00f3n PXH-209-B del estado de Morelos, se impact\u00f3 con un se\u00f1alamiento y una luminaria, debido a que otro veh\u00edculo el cual se dio [&hellip;]<\/p>\n","protected":false},"author":19,"featured_media":0,"comment_status":"closed","ping_status":"open","sticky":false,"template":"","format":"standard","meta":{"om_disable_all_campaigns":false,"_monsterinsights_skip_tracking":false,"_monsterinsights_sitenote_active":false,"_monsterinsights_sitenote_note":"","_monsterinsights_sitenote_category":0,"jnews-multi-image_gallery":[],"jnews_single_post":[],"jnews_primary_category":[],"footnotes":""},"categories":[],"tags":[],"class_list":["post-53579","post","type-post","status-publish","format-standard","hentry"],"aioseo_notices":[],"_links":{"self":[{"href":"https:\/\/estado29.mx\/index.php?rest_route=\/wp\/v2\/posts\/53579","targetHints":{"allow":["GET"]}}],"collection":[{"href":"https:\/\/estado29.mx\/index.php?rest_route=\/wp\/v2\/posts"}],"about":[{"href":"https:\/\/estado29.mx\/index.php?rest_route=\/wp\/v2\/types\/post"}],"author":[{"embeddable":true,"href":"https:\/\/estado29.mx\/index.php?rest_route=\/wp\/v2\/users\/19"}],"replies":[{"embeddable":true,"href":"https:\/\/estado29.mx\/index.php?rest_route=%2Fwp%2Fv2%2Fcomments&post=53579"}],"version-history":[{"count":1,"href":"https:\/\/estado29.mx\/index.php?rest_route=\/wp\/v2\/posts\/53579\/revisions"}],"predecessor-version":[{"id":53587,"href":"https:\/\/estado29.mx\/index.php?rest_route=\/wp\/v2\/posts\/53579\/revisions\/53587"}],"wp:attachment":[{"href":"https:\/\/estado29.mx\/index.php?rest_route=%2Fwp%2Fv2%2Fmedia&parent=53579"}],"wp:term":[{"taxonomy":"category","embeddable":true,"href":"https:\/\/estado29.mx\/index.php?rest_route=%2Fwp%2Fv2%2Fcategories&post=53579"},{"taxonomy":"post_tag","embeddable":true,"href":"https:\/\/estado29.mx\/index.php?rest_route=%2Fwp%2Fv2%2Ftags&post=53579"}],"curies":[{"name":"wp","href":"https:\/\/api.w.org\/{rel}","templated":true}]}}