{"id":53605,"date":"2019-10-07T15:25:58","date_gmt":"2019-10-07T20:25:58","guid":{"rendered":"http:\/\/estado29.mx\/?p=53605"},"modified":"2019-10-07T15:26:05","modified_gmt":"2019-10-07T20:26:05","slug":"celebra-sepe-primera-reunion-con-el-sector-educativo","status":"publish","type":"post","link":"https:\/\/estado29.mx\/?p=53605","title":{"rendered":"Celebra SEPE primera reuni\u00f3n con el sector educativo"},"content":{"rendered":"\n<p>\u00b7&nbsp;&nbsp;&nbsp;&nbsp;&nbsp;&nbsp;<em>Insta Florentino Dom\u00ednguez a la comunidad educativa a consolidarse como equipo<\/em><\/p>\n\n\n\n<p>Con un llamado a consolidarse como equipo para generar mecanismos que permitan obtener una mayor coordinaci\u00f3n, en la b\u00fasqueda de los objetivos y metas del Plan Estatal de Desarrollo (PED) 2017-2021, el Secretario de Educaci\u00f3n, Florentino Dom\u00ednguez Ord\u00f3\u00f1ez celebr\u00f3 la primera Reuni\u00f3n con el Sector Educativo de nivel medio Superior y Superior.<\/p>\n\n\n\n<p>En presencia de rectores, directores y titulares de organismos p\u00fablicos descentralizados del sector educativo, destac\u00f3 que la educaci\u00f3n es uno de los principales ejes del Gobierno de Marco Mena, por lo que pidi\u00f3 continuar con un trabajo responsable en beneficio del desarrollo del estado.<\/p>\n\n\n\n<p>En el encuentro celebrado en la sala 1 del complejo SEPE-USET, asegur\u00f3 que existe afinidad entre objetivos y actividades, \u201cel fin \u00faltimo de nuestro actuar como funcionarios es la mejora de la educaci\u00f3n, por ello, les reitero mi invitaci\u00f3n para actuar en consecuencia, de forma coordinada\u201d.<\/p>\n\n\n\n<p>Durante esta reuni\u00f3n efectuada al t\u00e9rmino del homenaje a la bandera, agradeci\u00f3 a los presentes su asistencia y les dijo que deben tener la seguridad de encontrar en la Secretar\u00eda de Educaci\u00f3n coordinaci\u00f3n, apoyo e integraci\u00f3n para construir estrategias que permitan alcanzar las metas que en materia educativa planea este Gobierno.<\/p>\n\n\n\n<p>Enfatiz\u00f3 que si todos caminamos juntos se pueden encontrar alternativas de soluci\u00f3n a los problemas planteados.<\/p>\n\n\n\n<p>Dom\u00ednguez Ord\u00f3\u00f1ez resalt\u00f3 algunos aspectos del PED, como es que el futuro del estado depende en gran medida de lo que se haga por la educaci\u00f3n de la ni\u00f1ez y juventud, por lo tanto, es fundamental que la entidad dirija sus esfuerzos para transitar hacia una sociedad del conocimiento.<\/p>\n\n\n\n<p>En este sentido, habl\u00f3 de la importancia para este gobierno de implementar pol\u00edticas que garanticen el derecho a la educaci\u00f3n laica, gratuita, obligatoria y de calidad para todos.<\/p>\n\n\n\n<p>As\u00ed como fortalecer la articulaci\u00f3n entre grados y modalidades educativas, para vincular a los estudiantes con el quehacer cient\u00edfico, el desarrollo tecnol\u00f3gico y el sector productivo, para asegurar un capital humano de excelencia que detone la innovaci\u00f3n.<\/p>\n\n\n\n<p>En tanto las 43 figuras educativas reunidas en esta Primera Reuni\u00f3n, agradecieron al secretario Florentino Dom\u00ednguez Ord\u00f3\u00f1ez, el espacio de di\u00e1logo para tocar temas relevantes de la educaci\u00f3n en sus diferentes modalidades.<\/p>\n","protected":false},"excerpt":{"rendered":"<p>\u00b7&nbsp;&nbsp;&nbsp;&nbsp;&nbsp;&nbsp;Insta Florentino Dom\u00ednguez a la comunidad educativa a consolidarse como equipo Con un llamado a consolidarse como equipo para generar mecanismos que permitan obtener una mayor coordinaci\u00f3n, en la b\u00fasqueda de los objetivos y metas del Plan Estatal de Desarrollo (PED) 2017-2021, el Secretario de Educaci\u00f3n, Florentino Dom\u00ednguez Ord\u00f3\u00f1ez celebr\u00f3 la primera Reuni\u00f3n con el [&hellip;]<\/p>\n","protected":false},"author":12,"featured_media":0,"comment_status":"closed","ping_status":"open","sticky":false,"template":"","format":"standard","meta":{"om_disable_all_campaigns":false,"_monsterinsights_skip_tracking":false,"_monsterinsights_sitenote_active":false,"_monsterinsights_sitenote_note":"","_monsterinsights_sitenote_category":0,"jnews-multi-image_gallery":[],"jnews_single_post":[],"jnews_primary_category":[],"footnotes":""},"categories":[],"tags":[],"class_list":["post-53605","post","type-post","status-publish","format-standard","hentry"],"aioseo_notices":[],"_links":{"self":[{"href":"https:\/\/estado29.mx\/index.php?rest_route=\/wp\/v2\/posts\/53605","targetHints":{"allow":["GET"]}}],"collection":[{"href":"https:\/\/estado29.mx\/index.php?rest_route=\/wp\/v2\/posts"}],"about":[{"href":"https:\/\/estado29.mx\/index.php?rest_route=\/wp\/v2\/types\/post"}],"author":[{"embeddable":true,"href":"https:\/\/estado29.mx\/index.php?rest_route=\/wp\/v2\/users\/12"}],"replies":[{"embeddable":true,"href":"https:\/\/estado29.mx\/index.php?rest_route=%2Fwp%2Fv2%2Fcomments&post=53605"}],"version-history":[{"count":1,"href":"https:\/\/estado29.mx\/index.php?rest_route=\/wp\/v2\/posts\/53605\/revisions"}],"predecessor-version":[{"id":53608,"href":"https:\/\/estado29.mx\/index.php?rest_route=\/wp\/v2\/posts\/53605\/revisions\/53608"}],"wp:attachment":[{"href":"https:\/\/estado29.mx\/index.php?rest_route=%2Fwp%2Fv2%2Fmedia&parent=53605"}],"wp:term":[{"taxonomy":"category","embeddable":true,"href":"https:\/\/estado29.mx\/index.php?rest_route=%2Fwp%2Fv2%2Fcategories&post=53605"},{"taxonomy":"post_tag","embeddable":true,"href":"https:\/\/estado29.mx\/index.php?rest_route=%2Fwp%2Fv2%2Ftags&post=53605"}],"curies":[{"name":"wp","href":"https:\/\/api.w.org\/{rel}","templated":true}]}}