{"id":53624,"date":"2019-10-08T07:23:21","date_gmt":"2019-10-08T12:23:21","guid":{"rendered":"http:\/\/estado29.mx\/?p=53624"},"modified":"2019-10-08T07:23:30","modified_gmt":"2019-10-08T12:23:30","slug":"presidente-de-huamantla-inaugura-festejos-por-el-50-aniversario-de-la-secundaria-general-moises-saenz","status":"publish","type":"post","link":"https:\/\/estado29.mx\/?p=53624","title":{"rendered":"Presidente de Huamantla inaugura festejos por el 50 aniversario de la secundaria general  \u201cMois\u00e9s S\u00e1enz\u201d."},"content":{"rendered":"\n<p>Huamantla, Tlax.- Como parte de los festejos de los 50 a\u00f1os de la fundaci\u00f3n de la escuela secundaria general \u201cMois\u00e9s S\u00e1enz\u201d, el Presidente Municipal acompa\u00f1ado de autoridades educativas devel\u00f3 la placa conmemorativa a dicha fecha; previo a este acto inaugur\u00f3 las actividades que se desarrollar\u00e1n durante esta semana como parte del 50 aniversario de la instituci\u00f3n educativa.<\/p>\n\n\n\n<p>En el acto que se desarroll\u00f3 en las instalaciones del plantel, el alcalde, quien se hizo acompa\u00f1ar de su esposa y Presidenta del Sistema DIF Municipal, Gabriela Escamilla P\u00e9rez, asever\u00f3 que la educaci\u00f3n es y seguir\u00e1 siendo parte importante de su administraci\u00f3n, al tiempo de reconocer a los alumnos, profesores, y padres de familia, as\u00ed como a ex alumnos que forman parte de esta familia educativa.<\/p>\n\n\n\n<p>\u201cEs importante reconocer las labores que han venido realizando los profesores por su apoyo a la educaci\u00f3n y por el trabajo que est\u00e1n realizando por los j\u00f3venes.<\/p>\n\n\n\n<p>A dicho acto tambi\u00e9n se dieron cita: Carlos Garc\u00eda Ju\u00e1rez, Director de a escuela Mois\u00e9s S\u00e1enz; Demetrio Rivas Corona, Secretario General de la Secci\u00f3n 51 SNTE; Reyna Maldonado Hern\u00e1ndez, Directora General de Educaci\u00f3n B\u00e1sica de la USET; Ana Lucia Flores Aguilar, Jefa del Departamento de Escuelas Secundarias Generales y representante del Gobernador del Estado, Marco Antonio Mena Rodr\u00edguez; Jos\u00e9 Ricardo Silva Rodr\u00edguez, Supervisora de la Zona 08 de Escuelas Secundarias Generales; Julio Cesar S\u00e1nchez Carvajal, Secretario General de la Delegaci\u00f3n D-II-3; as\u00ed como presidentes de comunidad, ex alumnos, ex profesores y padres de familia.<\/p>\n\n\n\n<p>Cabe mencionar que el Presidente Municipal, tambi\u00e9n realiz\u00f3 la entrega de apoyos al comit\u00e9 de festejos de los 50 a\u00f1os de la secundaria, que se inform\u00f3 ser\u00e1n utilizados durante los siguientes d\u00edas.<\/p>\n","protected":false},"excerpt":{"rendered":"<p>Huamantla, Tlax.- Como parte de los festejos de los 50 a\u00f1os de la fundaci\u00f3n de la escuela secundaria general \u201cMois\u00e9s S\u00e1enz\u201d, el Presidente Municipal acompa\u00f1ado de autoridades educativas devel\u00f3 la placa conmemorativa a dicha fecha; previo a este acto inaugur\u00f3 las actividades que se desarrollar\u00e1n durante esta semana como parte del 50 aniversario de la [&hellip;]<\/p>\n","protected":false},"author":12,"featured_media":0,"comment_status":"closed","ping_status":"open","sticky":false,"template":"","format":"standard","meta":{"om_disable_all_campaigns":false,"_monsterinsights_skip_tracking":false,"_monsterinsights_sitenote_active":false,"_monsterinsights_sitenote_note":"","_monsterinsights_sitenote_category":0,"jnews-multi-image_gallery":[],"jnews_single_post":[],"jnews_primary_category":[],"footnotes":""},"categories":[],"tags":[],"class_list":["post-53624","post","type-post","status-publish","format-standard","hentry"],"aioseo_notices":[],"_links":{"self":[{"href":"https:\/\/estado29.mx\/index.php?rest_route=\/wp\/v2\/posts\/53624","targetHints":{"allow":["GET"]}}],"collection":[{"href":"https:\/\/estado29.mx\/index.php?rest_route=\/wp\/v2\/posts"}],"about":[{"href":"https:\/\/estado29.mx\/index.php?rest_route=\/wp\/v2\/types\/post"}],"author":[{"embeddable":true,"href":"https:\/\/estado29.mx\/index.php?rest_route=\/wp\/v2\/users\/12"}],"replies":[{"embeddable":true,"href":"https:\/\/estado29.mx\/index.php?rest_route=%2Fwp%2Fv2%2Fcomments&post=53624"}],"version-history":[{"count":1,"href":"https:\/\/estado29.mx\/index.php?rest_route=\/wp\/v2\/posts\/53624\/revisions"}],"predecessor-version":[{"id":53627,"href":"https:\/\/estado29.mx\/index.php?rest_route=\/wp\/v2\/posts\/53624\/revisions\/53627"}],"wp:attachment":[{"href":"https:\/\/estado29.mx\/index.php?rest_route=%2Fwp%2Fv2%2Fmedia&parent=53624"}],"wp:term":[{"taxonomy":"category","embeddable":true,"href":"https:\/\/estado29.mx\/index.php?rest_route=%2Fwp%2Fv2%2Fcategories&post=53624"},{"taxonomy":"post_tag","embeddable":true,"href":"https:\/\/estado29.mx\/index.php?rest_route=%2Fwp%2Fv2%2Ftags&post=53624"}],"curies":[{"name":"wp","href":"https:\/\/api.w.org\/{rel}","templated":true}]}}