{"id":53628,"date":"2019-10-08T07:25:00","date_gmt":"2019-10-08T12:25:00","guid":{"rendered":"http:\/\/estado29.mx\/?p=53628"},"modified":"2019-10-08T07:25:11","modified_gmt":"2019-10-08T12:25:11","slug":"inauguran-alejandra-fraustro-y-marco-mena-complejo-artistico-500-anos","status":"publish","type":"post","link":"https:\/\/estado29.mx\/?p=53628","title":{"rendered":"Inauguran Alejandra Fraustro y Marco Mena &#8220;Complejo art\u00edstico 500 a\u00f1os&#8221;"},"content":{"rendered":"\n<p>\u00b7&nbsp;<em>El Gobernador Mena&nbsp;afirm\u00f3 que el respaldo que recibe Tlaxcala de la Secretar\u00eda de Cultura tiene impacto en el desarrollo econ\u00f3mico y sector educativo de la entidad.<\/em><\/p>\n\n\n\n<p>La Secretaria de Cultura, Alejandra Frausto Guerrero y el Gobernador Marco Mena inauguraron este lunes el \u201cComplejo Art\u00edstico 500 A\u00f1os\u201d que comprende los murales \u201cDe Muertes y Conquistas: 500 A\u00f1os\u201d y \u201cHe aqu\u00ed la hora marcada por la historia. A la fuerza y valor de la sangre tlaxcalteca\u201d, as\u00ed como las exposiciones \u201cReencuentros\u201d y \u201cJu\u00e1rez y el Ferrocarril Mexicano. 150 A\u00f1os del ramal Apizaco-Puebla\u201d.<\/p>\n\n\n\n<p>En el Centro de las Artes, el Gobernador Mena&nbsp;afirm\u00f3 que el respaldo que recibe Tlaxcala de la Secretar\u00eda de Cultura tiene impacto en la actividad art\u00edstica local, en el desarrollo econ\u00f3mico y en el sector educativo de la entidad.<\/p>\n\n\n\n<p>En su oportunidad, Alejandra Frausto Guerrero, Secretaria de Cultura, destac\u00f3 el trabajo conjunto que mantiene con el Gobierno del Estado, adem\u00e1s de felicitar a los artistas que colaboraron en las obras que se inauguraron, las cuales permiten la reflexi\u00f3n sobre hechos que marcaron la historia del pa\u00eds.<\/p>\n\n\n\n<p>Acompa\u00f1ado por Joel Salas Su\u00e1rez,&nbsp;Comisionado del Instituto Nacional de Transparencia, Acceso a la Informaci\u00f3n y Protecci\u00f3n de Datos Personales (INAI), el Gobernador Mena reconoci\u00f3&nbsp;la solidaridad de la Secretaria Alejandra Frausto para desplegar en Tlaxcala actividades culturales de la dependencia federal, en coordinaci\u00f3n con la Administraci\u00f3n Estatal.<\/p>\n\n\n\n<p>Marco Mena a\u00f1adi\u00f3 que estas acciones consolidan a Tlaxcala como un destino de turismo cultural, muestran las cosas buenas que posee la entidad y difunden los logros que registra el estado en rubros como crecimiento econ\u00f3mico, generaci\u00f3n de empleo formal y reducci\u00f3n de la pobreza.<\/p>\n\n\n\n<p>Frausto Guerrero invit\u00f3 a la poblaci\u00f3n a conocer la riqueza art\u00edstica que resguarda el Centro de las Artes de Tlaxcala, y recorrer las murales y exposiciones que se montaron en este sitio que tienen como hilo conductor la b\u00fasqueda de la justicia.<\/p>\n\n\n\n<p>El mural \u201cDe Muertes y Conquistas: 500 A\u00f1os\u201d es un grabado de gran formato realizado con la t\u00e9cnica de relieve y narra a trav\u00e9s de simbolismos la llegada de los espa\u00f1oles a tierras tlaxcaltecas. Fue realizado por miembros del Taller de Estampa B\u00e1sica y Avanzada Camaxtli (Tebac) y se expondr\u00e1 en diferentes espacios del estado.<\/p>\n\n\n\n<p>En tanto, el mural \u201cHe aqu\u00ed la hora marcada por la historia. A la fuerza y valor de la sangre tlaxcalteca\u201d representa un homenaje a los guerreros tlaxcaltecas, adem\u00e1s de mostrar diferentes s\u00edmbolos como caballos, sangre, y a los dioses Quetzalc\u00f3atl y Camaxtli, entre otros elementos. La obra fue creada por los alumnos de la Escuela de Iniciaci\u00f3n Profesional a las Artes Visuales y est\u00e1 elaborada con la t\u00e9cnica de acr\u00edlico sobre tela.<\/p>\n\n\n\n<p>El conjunto escult\u00f3rico \u201cReencuentros\u201d del artista Samuel Ahuactzin est\u00e1 conformado por tres piezas hechas con cantera gris de Xaltocan, tituladas \u201cQuetzalc\u00f3atl desciende\u201d, \u201cRegeneraci\u00f3n\u201d y \u201cLas dos caras de la monta\u00f1a\u201d.<\/p>\n\n\n\n<p>Finalmente, la exposici\u00f3n \u201cJu\u00e1rez y el Ferrocarril Mexicano. 150 a\u00f1os del ramal Apizaco-Puebla\u201d est\u00e1 integrada por fotograf\u00edas, litograf\u00edas, planos topogr\u00e1ficos, itinerarios, dise\u00f1os de t\u00faneles y elementos como relojes, el escudo del Ferrocarril Mexicano, una banca de estaci\u00f3n ferroviaria, el pizarr\u00f3n de horarios, herramientas de trabajo, entre otros art\u00edculos.<\/p>\n","protected":false},"excerpt":{"rendered":"<p>\u00b7&nbsp;El Gobernador Mena&nbsp;afirm\u00f3 que el respaldo que recibe Tlaxcala de la Secretar\u00eda de Cultura tiene impacto en el desarrollo econ\u00f3mico y sector educativo de la entidad. La Secretaria de Cultura, Alejandra Frausto Guerrero y el Gobernador Marco Mena inauguraron este lunes el \u201cComplejo Art\u00edstico 500 A\u00f1os\u201d que comprende los murales \u201cDe Muertes y Conquistas: 500 [&hellip;]<\/p>\n","protected":false},"author":12,"featured_media":0,"comment_status":"closed","ping_status":"open","sticky":false,"template":"","format":"standard","meta":{"om_disable_all_campaigns":false,"_monsterinsights_skip_tracking":false,"_monsterinsights_sitenote_active":false,"_monsterinsights_sitenote_note":"","_monsterinsights_sitenote_category":0,"jnews-multi-image_gallery":[],"jnews_single_post":[],"jnews_primary_category":[],"footnotes":""},"categories":[],"tags":[],"class_list":["post-53628","post","type-post","status-publish","format-standard","hentry"],"aioseo_notices":[],"_links":{"self":[{"href":"https:\/\/estado29.mx\/index.php?rest_route=\/wp\/v2\/posts\/53628","targetHints":{"allow":["GET"]}}],"collection":[{"href":"https:\/\/estado29.mx\/index.php?rest_route=\/wp\/v2\/posts"}],"about":[{"href":"https:\/\/estado29.mx\/index.php?rest_route=\/wp\/v2\/types\/post"}],"author":[{"embeddable":true,"href":"https:\/\/estado29.mx\/index.php?rest_route=\/wp\/v2\/users\/12"}],"replies":[{"embeddable":true,"href":"https:\/\/estado29.mx\/index.php?rest_route=%2Fwp%2Fv2%2Fcomments&post=53628"}],"version-history":[{"count":1,"href":"https:\/\/estado29.mx\/index.php?rest_route=\/wp\/v2\/posts\/53628\/revisions"}],"predecessor-version":[{"id":53631,"href":"https:\/\/estado29.mx\/index.php?rest_route=\/wp\/v2\/posts\/53628\/revisions\/53631"}],"wp:attachment":[{"href":"https:\/\/estado29.mx\/index.php?rest_route=%2Fwp%2Fv2%2Fmedia&parent=53628"}],"wp:term":[{"taxonomy":"category","embeddable":true,"href":"https:\/\/estado29.mx\/index.php?rest_route=%2Fwp%2Fv2%2Fcategories&post=53628"},{"taxonomy":"post_tag","embeddable":true,"href":"https:\/\/estado29.mx\/index.php?rest_route=%2Fwp%2Fv2%2Ftags&post=53628"}],"curies":[{"name":"wp","href":"https:\/\/api.w.org\/{rel}","templated":true}]}}