{"id":53632,"date":"2019-10-08T09:30:21","date_gmt":"2019-10-08T14:30:21","guid":{"rendered":"http:\/\/estado29.mx\/?p=53632"},"modified":"2019-10-08T09:30:31","modified_gmt":"2019-10-08T14:30:31","slug":"disculpas-no-aceptadas","status":"publish","type":"post","link":"https:\/\/estado29.mx\/?p=53632","title":{"rendered":"Disculpas no aceptadas"},"content":{"rendered":"\n<p><strong>Elizabeth Mu\u00f1oz V\u00e1squez*<\/strong><\/p>\n\n\n\n<p>Seguro\nUsted recordar\u00e1 que la semana pasada abord\u00e9 el problema del mal &nbsp;servicio que ofrece el transporte p\u00fablico, la\nmala calidad con que trabajan &nbsp;los\nchoferes en todo tipo de unidades aqu\u00ed en Tlaxcala, pero desafortunadamente no\nes un problema solo de nuestro estado, es un mal generalizado&nbsp; en todo el pa\u00eds, pues tal parece que ser\nchofer o concesionario es solo una chamba -y una forma de enriquecerse, lo digo\nm\u00e1s por los concesionarios, claro- &nbsp;y\nnunca lo vieron como la oportunidad de crear una empresa de calidad, un oficio\ndigno que ayuda a la sociedad en su propio desarrollo. <\/p>\n\n\n\n<p>Por\na\u00f1os hemos padecido mujeres y hombres de todas las edades esas deficiencias y\nal no haber m\u00e1s opciones de transporte, los hemos aguantado, pues por m\u00e1s\nquejas que &nbsp;se presentan y por m\u00e1s\noperativos que supuestamente hacen &nbsp;las\nautoridades de la Secretaria de Comunicaciones y Transportes ya sea del \u00e1mbito\nlocal o federal &nbsp;&nbsp;-y digo supuestamente porque no se hacen\np\u00fablicas las sanciones que les son impuestas-, ahora el gremio del transporte\nse siente indignado y afectado en sus intereses, por los servicios de\nPlataformas digitales de transporte que ofrecen empresas como Uber, Didi o\nPronto.<\/p>\n\n\n\n<p>Las\ny los usuarios del transporte como Usted y como yo, en todo el pa\u00eds, y en el\nmundo,&nbsp; encontramos una alternativa de\ntraslado, m\u00e1s segura, m\u00e1s accesible econ\u00f3micamente,&nbsp; m\u00e1s limpia y un buen trato, y eso gener\u00f3 una\ngran demanda, lo que &nbsp;ya repercuti\u00f3 en\nlos bolsillos primero de los choferes que tienen que entregar \u201cla cuenta\u201d a\ndiario y ahora en los due\u00f1os de las unidades, unos y otros se quejan en todo el\nmundo por el servicio de estas plataformas, pero no vemos mejora en su actuar,\nnos vemos acciones que les ayuden a competir contra dichas plataformas.<\/p>\n\n\n\n<p>De acuerdo a la revista <em>Entrepreneur<\/em>\n&nbsp;(Empresario), \u201cen&nbsp; la Ciudad de M\u00e9xico y el \u00e1rea metropolitana\ncirculan m\u00e1s de 3.5 millones de autom\u00f3viles todos los d\u00edas entre autos\nparticulares, taxis, camiones, autobuses y motocicletas. De ellos, m\u00e1s del 60\npor ciento de los viajes se realizan en transporte p\u00fablico y&nbsp; aunado al 1.7% de crecimiento anual de la\npoblaci\u00f3n capitalina\u201d, fue el nicho de negocio que encontraron los que ahora\nson due\u00f1os de las plataformas digitales de transporte y esa fue una oportunidad\nque los l\u00edderes del transporte tradcional no visualizaron, no lo vieron como\nnegocio y la oportunidad de crecer tanto en lo individual &nbsp;y tambi\u00e9n empresarial. <\/p>\n\n\n\n<p>Este\nlunes 07 de septiembre, &nbsp;la Ciudad de\nM\u00e9xico y la zona conurbada se paraliz\u00f3 porque los dirigentes y afiliados al Movimiento\nNacional de Taxistas, pr\u00e1cticamente secuestraron la ciudad&nbsp; y justo vimos durante todo el d\u00eda escenas de\nlos manifestantes, muy parecidas a&nbsp; lo\nque ocurri\u00f3 en Tlaxcala hace unos meses, los inconformes hicieron fiesta de su plant\u00f3n,\nbailaron, comieron, durmieron y se pelearon con aquellos automovilistas\nparticulares que en su justo derecho exig\u00edan que los dejaran pasar para llegar\na sus destinos.<\/p>\n\n\n\n<p>Cientos de personas fueron las afectadas, de todas las\nedades, de todos los sectores, de todos los oficios, fueron rehenes de l\u00edderes\ntransportistas que c\u00ednicamente todav\u00eda se atrevieron a ofrecer disculpas, por\nfavor, eso es cinismo puro en el m\u00e1s alto nivel de expresi\u00f3n y saben qu\u00e9, no,\nno es posible aceptarles esas disculpas, ni a los que cerraron ayer y\nbloquearon la Ciudad de M\u00e9xico, ni a los que han cerrado tambi\u00e9n la ciudad de\nTlaxcala y otros puntos del pa\u00eds, porque los m\u00e1s afectados somos la ciudadan\u00eda de\na pie.<\/p>\n\n\n\n<p>Los choferes siguen igual de abusivos con o sin competencia,\ny en Tlaxcala un ejemplo de ello &nbsp;es lo\nque sucede todos los d\u00edas en los tramos en donde se realizan los trabajos de\nconstrucci\u00f3n de la carretera Apizaco-Tlaxcala, llevamos un a\u00f1o con la obra y en\nun a\u00f1o no han aprendido a ceder el paso, a fuerza se meten a la filas rebasando\npor la izquierda, lo mismo microbuses, autobuses o combis de todas las empresas\nque dan servicio en la entidad; &nbsp;no han\naprendido a manejar sin exceso de velocidad o es que los empresarios les exigen\ncumplir sus rutas en el menor tiempo sin considerar los trabajos de\nconstrucci\u00f3n? Porque si es as\u00ed, entonces los empresarios son causantes\nindirectos de todos aquellos accidentes que han provocado los choferes que son\nsus empleados, quienes buscan a como d\u00e9 lugar cumplir su horario, pues de lo\ncontrario los multan.<\/p>\n\n\n\n<p>No han aprendido a no hacer 3 filas cuando funciona solo un\ncarril,&nbsp; no han aprendido a usar las\nluces largas en el momento y lugar adecuado; no han aprendido a respetar a los\nautomovilistas particulares, a los peatones y a la comunidad usuaria del\nservicio p\u00fablico de transporte; no han aprendido a no cargar combustible cuando\nllevan pasaje, pr\u00e1cticamente no han aprendido a respetar y a dignificar su\ntrabajo &nbsp;y por lo tanto, <strong>NO, NO<\/strong> &nbsp;Se\u00f1ores concesionarios del transporte p\u00fablico\ny se\u00f1ores choferes, sus disculpas no son aceptadas o hacen mejoras al servicio\nque ofrecen o se dedican a otra cosa, pues las y los usuarios del transporte p\u00fablico\nde pasajeros tenemos libre albedrio y podemos decidir y elegir lo que m\u00e1s nos\nconvenga, nuestras vidas est\u00e1n en sus manos y parece que nunca lo han\ncomprendido.<\/p>\n\n\n\n<p>\u00a1Manifestarse es un derecho, pero no a costa del perjuicio a\nterceros!<\/p>\n\n\n\n<ul class=\"wp-block-list\"><li>Red Nacional de Periodistas<\/li><\/ul>\n","protected":false},"excerpt":{"rendered":"<p>Elizabeth Mu\u00f1oz V\u00e1squez* Seguro Usted recordar\u00e1 que la semana pasada abord\u00e9 el problema del mal &nbsp;servicio que ofrece el transporte p\u00fablico, la mala calidad con que trabajan &nbsp;los choferes en todo tipo de unidades aqu\u00ed en Tlaxcala, pero desafortunadamente no es un problema solo de nuestro estado, es un mal generalizado&nbsp; en todo el pa\u00eds, [&hellip;]<\/p>\n","protected":false},"author":12,"featured_media":0,"comment_status":"closed","ping_status":"open","sticky":false,"template":"","format":"standard","meta":{"om_disable_all_campaigns":false,"_monsterinsights_skip_tracking":false,"_monsterinsights_sitenote_active":false,"_monsterinsights_sitenote_note":"","_monsterinsights_sitenote_category":0,"jnews-multi-image_gallery":[],"jnews_single_post":[],"jnews_primary_category":[],"footnotes":""},"categories":[],"tags":[],"class_list":["post-53632","post","type-post","status-publish","format-standard","hentry"],"aioseo_notices":[],"_links":{"self":[{"href":"https:\/\/estado29.mx\/index.php?rest_route=\/wp\/v2\/posts\/53632","targetHints":{"allow":["GET"]}}],"collection":[{"href":"https:\/\/estado29.mx\/index.php?rest_route=\/wp\/v2\/posts"}],"about":[{"href":"https:\/\/estado29.mx\/index.php?rest_route=\/wp\/v2\/types\/post"}],"author":[{"embeddable":true,"href":"https:\/\/estado29.mx\/index.php?rest_route=\/wp\/v2\/users\/12"}],"replies":[{"embeddable":true,"href":"https:\/\/estado29.mx\/index.php?rest_route=%2Fwp%2Fv2%2Fcomments&post=53632"}],"version-history":[{"count":1,"href":"https:\/\/estado29.mx\/index.php?rest_route=\/wp\/v2\/posts\/53632\/revisions"}],"predecessor-version":[{"id":53634,"href":"https:\/\/estado29.mx\/index.php?rest_route=\/wp\/v2\/posts\/53632\/revisions\/53634"}],"wp:attachment":[{"href":"https:\/\/estado29.mx\/index.php?rest_route=%2Fwp%2Fv2%2Fmedia&parent=53632"}],"wp:term":[{"taxonomy":"category","embeddable":true,"href":"https:\/\/estado29.mx\/index.php?rest_route=%2Fwp%2Fv2%2Fcategories&post=53632"},{"taxonomy":"post_tag","embeddable":true,"href":"https:\/\/estado29.mx\/index.php?rest_route=%2Fwp%2Fv2%2Ftags&post=53632"}],"curies":[{"name":"wp","href":"https:\/\/api.w.org\/{rel}","templated":true}]}}