{"id":53652,"date":"2019-10-08T17:21:51","date_gmt":"2019-10-08T22:21:51","guid":{"rendered":"http:\/\/estado29.mx\/?p=53652"},"modified":"2019-10-08T17:22:04","modified_gmt":"2019-10-08T22:22:04","slug":"establecen-procedimiento-de-evaluacion-del-magistrado-elias-cortes-roa","status":"publish","type":"post","link":"https:\/\/estado29.mx\/?p=53652","title":{"rendered":"Establecen procedimiento de evaluaci\u00f3n del magistrado El\u00edas Cort\u00e9s Roa"},"content":{"rendered":"\n<p>Los integrantes de la 63 Legislatura local aprobaron el\nprocedimiento para analizar la situaci\u00f3n jur\u00eddica y el desempe\u00f1o del magistrado\nen funciones del Tribunal de Justicia Administrativa (TJA), de plazo por\ncumplir,&nbsp; El\u00edas Cort\u00e9s Roa y dictaminar\nsobre su ratificaci\u00f3n o no, previa evaluaci\u00f3n o remoci\u00f3n.<\/p>\n\n\n\n<p>El dictamen con proyecto de acuerdo fue presentado ante\nel Pleno del Congreso del Estado, por la presidenta de la Comisi\u00f3n Especial de\nDiputados encargada de analizar la situaci\u00f3n jur\u00eddica del magistrado de plazo\npor cumplir, Zonia Montiel Candaneda. <\/p>\n\n\n\n<p>En el dictamen recordaron que el magistrado del Tribunal\nSuperior de Justicia del Estado (TSJE) asignado al Tribunal de Justicia\nAdministrativa fue electo para fungir en el periodo comprendido del 13 de enero\nde 2014 al 12 de enero del 2020, motivo por el cual se hace necesario iniciar\nun procedimiento de evaluaci\u00f3n del desempe\u00f1o del magistrado de plazo por\ncumplir con el prop\u00f3sito de definir su ratificaci\u00f3n o no, para ello se\nestablecieron las bases para llevar a cabo el an\u00e1lisis de la situaci\u00f3n jur\u00eddica\ny evaluaci\u00f3n del magistrado. <\/p>\n\n\n\n<p>Entre las bases que fueron aprobadas est\u00e1 la integraci\u00f3n\nde un expediente personal, para eso la Comisi\u00f3n Especial declarar\u00e1 abierto el\nperiodo de integraci\u00f3n del expediente que habr\u00e1 de comprender el momento en que\nas\u00ed declare hasta que la comisi\u00f3n lo declare pertinente en el que se ejecutar\u00e1n\ndiversas acciones. <\/p>\n\n\n\n<p>Sobre esas acciones est\u00e1 la solicitud al Consejo de la Judicatura\ndel Estado de Tlaxcala que emita una opini\u00f3n respecto al desempe\u00f1o del\nmagistrado, El\u00edas Cort\u00e9s Roa, adem\u00e1s se pedir\u00e1 la documentaci\u00f3n que sustente su\nopini\u00f3n. Tambi\u00e9n requerir\u00e1n copia certificada del expediente personal del\nmagistrado en evaluaci\u00f3n para ello el Consejo de la Judicatura tendr\u00e1 un\nt\u00e9rmino de cinco d\u00edas h\u00e1biles para que cumpla con ese requerimiento. <\/p>\n\n\n\n<p>Al magistrado El\u00edas Cort\u00e9s le solicitar\u00e1n un informe por\na\u00f1o de las actividades que ha realizado durante el ejercicio de su encargo como\nmagistrado, en ese documento deber\u00e1 se\u00f1alar todas y cada una de las actividades\nrealizadas y destacar la informaci\u00f3n estad\u00edstica sobre los asuntos resueltos,\nlos que fueron impugnados, medios de defensa ordinarios y extraordinarios,\nadem\u00e1s los que fueron confirmados y modificados, as\u00ed como los asuntos\nrevocados, tambi\u00e9n la cantidad de tocas radicadas, y asuntos pendientes de\nresoluci\u00f3n. <\/p>\n\n\n\n<p>La Comisi\u00f3n Especial de Diputados, analizar\u00e1 asuntos de\nla Sala Electoral Administrativa y del Tribunal de Justicia Administrativa,\ndonde se desempe\u00f1\u00f3 el magistrado de plazo por cumplir,&nbsp; para verificar si hubo o no retardo en la\nimpartici\u00f3n de justicia, as\u00ed como las actas de sesiones el n\u00famero de asuntos en\ntr\u00e1mite y otros aspectos para construir un dictamen al respecto. <\/p>\n","protected":false},"excerpt":{"rendered":"<p>Los integrantes de la 63 Legislatura local aprobaron el procedimiento para analizar la situaci\u00f3n jur\u00eddica y el desempe\u00f1o del magistrado en funciones del Tribunal de Justicia Administrativa (TJA), de plazo por cumplir,&nbsp; El\u00edas Cort\u00e9s Roa y dictaminar sobre su ratificaci\u00f3n o no, previa evaluaci\u00f3n o remoci\u00f3n. El dictamen con proyecto de acuerdo fue presentado ante [&hellip;]<\/p>\n","protected":false},"author":31,"featured_media":0,"comment_status":"closed","ping_status":"open","sticky":false,"template":"","format":"standard","meta":{"om_disable_all_campaigns":false,"_monsterinsights_skip_tracking":false,"_monsterinsights_sitenote_active":false,"_monsterinsights_sitenote_note":"","_monsterinsights_sitenote_category":0,"jnews-multi-image_gallery":[],"jnews_single_post":[],"jnews_primary_category":[],"footnotes":""},"categories":[],"tags":[],"class_list":["post-53652","post","type-post","status-publish","format-standard","hentry"],"aioseo_notices":[],"_links":{"self":[{"href":"https:\/\/estado29.mx\/index.php?rest_route=\/wp\/v2\/posts\/53652","targetHints":{"allow":["GET"]}}],"collection":[{"href":"https:\/\/estado29.mx\/index.php?rest_route=\/wp\/v2\/posts"}],"about":[{"href":"https:\/\/estado29.mx\/index.php?rest_route=\/wp\/v2\/types\/post"}],"author":[{"embeddable":true,"href":"https:\/\/estado29.mx\/index.php?rest_route=\/wp\/v2\/users\/31"}],"replies":[{"embeddable":true,"href":"https:\/\/estado29.mx\/index.php?rest_route=%2Fwp%2Fv2%2Fcomments&post=53652"}],"version-history":[{"count":1,"href":"https:\/\/estado29.mx\/index.php?rest_route=\/wp\/v2\/posts\/53652\/revisions"}],"predecessor-version":[{"id":53655,"href":"https:\/\/estado29.mx\/index.php?rest_route=\/wp\/v2\/posts\/53652\/revisions\/53655"}],"wp:attachment":[{"href":"https:\/\/estado29.mx\/index.php?rest_route=%2Fwp%2Fv2%2Fmedia&parent=53652"}],"wp:term":[{"taxonomy":"category","embeddable":true,"href":"https:\/\/estado29.mx\/index.php?rest_route=%2Fwp%2Fv2%2Fcategories&post=53652"},{"taxonomy":"post_tag","embeddable":true,"href":"https:\/\/estado29.mx\/index.php?rest_route=%2Fwp%2Fv2%2Ftags&post=53652"}],"curies":[{"name":"wp","href":"https:\/\/api.w.org\/{rel}","templated":true}]}}