{"id":53677,"date":"2019-10-08T23:02:04","date_gmt":"2019-10-09T04:02:04","guid":{"rendered":"http:\/\/estado29.mx\/?p=53677"},"modified":"2019-10-08T23:02:12","modified_gmt":"2019-10-09T04:02:12","slug":"no-habra-instalacion-de-parquimetros-en-huamantla","status":"publish","type":"post","link":"https:\/\/estado29.mx\/?p=53677","title":{"rendered":"No habr\u00e1 instalaci\u00f3n de parqu\u00edmetros en Huamantla."},"content":{"rendered":"\n<p>Tal y como se ha dado a conocer en un medio de comunicaci\u00f3n local, sin los fundamentos necesarios y una postura oficial, sobre la supuesta instalaci\u00f3n nuevamente de parqu\u00edmetros en el primer cuadro de la ciudad el alcalde de Huamantla, Jorge S\u00e1nchez Jasso, desminti\u00f3 esta nota falsa. <\/p>\n\n\n\n<p>El edil se\u00f1al\u00f3 que no se encuentra dentro de los planes de trabajo la posibilidad de llevar a cabo la instalaci\u00f3n de parqu\u00edmetros, con la finalidad de que los automovilistas se vean afectados y con ello apoyar la econom\u00eda de las familias pues anteriormente se tenia un precio por hora de 6 pesos por lo que de entrar nuevamente este servicio este podr\u00eda aumentar. <\/p>\n\n\n\n<p>En este sentido el alcalde se\u00f1al\u00f3 que le molesta lo llamen mentiroso, sin los fundamentos necesarios, por lo que invito a la ciudadan\u00eda a consultar peri\u00f3dicos que sean confiables y eviten desinformar a la ciudadan\u00eda. <\/p>\n\n\n\n<p>Desafortunadamente en los \u00faltimos a\u00f1os con el uso excesivo de las redes sociales, no toda la informaci\u00f3n que se comparte es verdadera, por lo que est\u00e1 bajo la responsabilidad de los lectores, radioescuchas y p\u00fablico en general pagar por el contenido que consumimos.<\/p>\n","protected":false},"excerpt":{"rendered":"<p>Tal y como se ha dado a conocer en un medio de comunicaci\u00f3n local, sin los fundamentos necesarios y una postura oficial, sobre la supuesta instalaci\u00f3n nuevamente de parqu\u00edmetros en el primer cuadro de la ciudad el alcalde de Huamantla, Jorge S\u00e1nchez Jasso, desminti\u00f3 esta nota falsa. El edil se\u00f1al\u00f3 que no se encuentra dentro [&hellip;]<\/p>\n","protected":false},"author":19,"featured_media":0,"comment_status":"closed","ping_status":"open","sticky":false,"template":"","format":"standard","meta":{"om_disable_all_campaigns":false,"_monsterinsights_skip_tracking":false,"_monsterinsights_sitenote_active":false,"_monsterinsights_sitenote_note":"","_monsterinsights_sitenote_category":0,"jnews-multi-image_gallery":[],"jnews_single_post":[],"jnews_primary_category":[],"footnotes":""},"categories":[],"tags":[],"class_list":["post-53677","post","type-post","status-publish","format-standard","hentry"],"aioseo_notices":[],"_links":{"self":[{"href":"https:\/\/estado29.mx\/index.php?rest_route=\/wp\/v2\/posts\/53677","targetHints":{"allow":["GET"]}}],"collection":[{"href":"https:\/\/estado29.mx\/index.php?rest_route=\/wp\/v2\/posts"}],"about":[{"href":"https:\/\/estado29.mx\/index.php?rest_route=\/wp\/v2\/types\/post"}],"author":[{"embeddable":true,"href":"https:\/\/estado29.mx\/index.php?rest_route=\/wp\/v2\/users\/19"}],"replies":[{"embeddable":true,"href":"https:\/\/estado29.mx\/index.php?rest_route=%2Fwp%2Fv2%2Fcomments&post=53677"}],"version-history":[{"count":1,"href":"https:\/\/estado29.mx\/index.php?rest_route=\/wp\/v2\/posts\/53677\/revisions"}],"predecessor-version":[{"id":53681,"href":"https:\/\/estado29.mx\/index.php?rest_route=\/wp\/v2\/posts\/53677\/revisions\/53681"}],"wp:attachment":[{"href":"https:\/\/estado29.mx\/index.php?rest_route=%2Fwp%2Fv2%2Fmedia&parent=53677"}],"wp:term":[{"taxonomy":"category","embeddable":true,"href":"https:\/\/estado29.mx\/index.php?rest_route=%2Fwp%2Fv2%2Fcategories&post=53677"},{"taxonomy":"post_tag","embeddable":true,"href":"https:\/\/estado29.mx\/index.php?rest_route=%2Fwp%2Fv2%2Ftags&post=53677"}],"curies":[{"name":"wp","href":"https:\/\/api.w.org\/{rel}","templated":true}]}}