{"id":53687,"date":"2019-10-09T07:18:31","date_gmt":"2019-10-09T12:18:31","guid":{"rendered":"http:\/\/estado29.mx\/?p=53687"},"modified":"2019-10-09T07:18:42","modified_gmt":"2019-10-09T12:18:42","slug":"incentiva-dif-estatal-incorporacion-laboral-de-personas-con-discapacidad","status":"publish","type":"post","link":"https:\/\/estado29.mx\/?p=53687","title":{"rendered":"Incentiva DIF estatal incorporaci\u00f3n laboral de personas con discapacidad"},"content":{"rendered":"\n<p>El Sistema Estatal para el Desarrollo Integral de la Familia (DIF), a trav\u00e9s del Centro de Capacitaci\u00f3n a Personas con Discapacidad para su Incorporaci\u00f3n al Sector Productivo (Cecapdif) ofrece cursos a este sector de la poblaci\u00f3n para ampliar sus posibilidades de incorporarse al \u00e1mbito laboral o autoemplearse.<\/p>\n\n\n\n<p>A trav\u00e9s del curso \u201cAccesorios con manta de cielo\u201d se busca que las personas con discapacidad utilicen su tiempo libre de forma productiva en la elaboraci\u00f3n de manualidades que pueden comercializar para generar ingresos.<\/p>\n\n\n\n<p>Como parte de la capacitaci\u00f3n, los asistentes aprenden a valorar el tiempo que dedican a elaborar las piezas, el trabajo creativo y los costos de inversi\u00f3n, con la finalidad de que al vender sus productos establezcan un precio justo que contribuya a la econom\u00eda de sus hogares.<\/p>\n\n\n\n<p>El Centro de Capacitaci\u00f3n a Personas con Discapacidad para su Incorporaci\u00f3n al Sector Productivo del DIF Estatal tambi\u00e9n brinda cursos en \u00e1reas como reparaci\u00f3n de tabletas y celulares, cer\u00e1mica en barro, elaboraci\u00f3n de galletas navide\u00f1as y computaci\u00f3n.<\/p>\n\n\n\n<p>Actualmente, un total de 67 personas provenientes de los municipios de Tlaxcala, Apetatitl\u00e1n, Contla, Papalotla y Tlaxco, entre otros, est\u00e1n inscritas a estos talleres.&nbsp;Los cursos que iniciaron en septiembre concluir\u00e1n en noviembre con una exposici\u00f3n de todos los trabajos realizados.<\/p>\n\n\n\n<p>Para mayor informaci\u00f3n, las personas interesadas pueden comunicarse al tel\u00e9fono 246 46 2 02 10, en un horario de lunes a viernes, de 8:00 a 16:00 horas.<\/p>\n","protected":false},"excerpt":{"rendered":"<p>El Sistema Estatal para el Desarrollo Integral de la Familia (DIF), a trav\u00e9s del Centro de Capacitaci\u00f3n a Personas con Discapacidad para su Incorporaci\u00f3n al Sector Productivo (Cecapdif) ofrece cursos a este sector de la poblaci\u00f3n para ampliar sus posibilidades de incorporarse al \u00e1mbito laboral o autoemplearse. A trav\u00e9s del curso \u201cAccesorios con manta de [&hellip;]<\/p>\n","protected":false},"author":12,"featured_media":0,"comment_status":"closed","ping_status":"open","sticky":false,"template":"","format":"standard","meta":{"om_disable_all_campaigns":false,"_monsterinsights_skip_tracking":false,"_monsterinsights_sitenote_active":false,"_monsterinsights_sitenote_note":"","_monsterinsights_sitenote_category":0,"jnews-multi-image_gallery":[],"jnews_single_post":[],"jnews_primary_category":[],"footnotes":""},"categories":[],"tags":[],"class_list":["post-53687","post","type-post","status-publish","format-standard","hentry"],"aioseo_notices":[],"_links":{"self":[{"href":"https:\/\/estado29.mx\/index.php?rest_route=\/wp\/v2\/posts\/53687","targetHints":{"allow":["GET"]}}],"collection":[{"href":"https:\/\/estado29.mx\/index.php?rest_route=\/wp\/v2\/posts"}],"about":[{"href":"https:\/\/estado29.mx\/index.php?rest_route=\/wp\/v2\/types\/post"}],"author":[{"embeddable":true,"href":"https:\/\/estado29.mx\/index.php?rest_route=\/wp\/v2\/users\/12"}],"replies":[{"embeddable":true,"href":"https:\/\/estado29.mx\/index.php?rest_route=%2Fwp%2Fv2%2Fcomments&post=53687"}],"version-history":[{"count":1,"href":"https:\/\/estado29.mx\/index.php?rest_route=\/wp\/v2\/posts\/53687\/revisions"}],"predecessor-version":[{"id":53690,"href":"https:\/\/estado29.mx\/index.php?rest_route=\/wp\/v2\/posts\/53687\/revisions\/53690"}],"wp:attachment":[{"href":"https:\/\/estado29.mx\/index.php?rest_route=%2Fwp%2Fv2%2Fmedia&parent=53687"}],"wp:term":[{"taxonomy":"category","embeddable":true,"href":"https:\/\/estado29.mx\/index.php?rest_route=%2Fwp%2Fv2%2Fcategories&post=53687"},{"taxonomy":"post_tag","embeddable":true,"href":"https:\/\/estado29.mx\/index.php?rest_route=%2Fwp%2Fv2%2Ftags&post=53687"}],"curies":[{"name":"wp","href":"https:\/\/api.w.org\/{rel}","templated":true}]}}