{"id":53691,"date":"2019-10-09T07:20:46","date_gmt":"2019-10-09T12:20:46","guid":{"rendered":"http:\/\/estado29.mx\/?p=53691"},"modified":"2019-10-09T07:20:54","modified_gmt":"2019-10-09T12:20:54","slug":"esclarece-pgje-homicidio-de-un-militar-ocurrido-en-2018","status":"publish","type":"post","link":"https:\/\/estado29.mx\/?p=53691","title":{"rendered":"Esclarece PGJE homicidio de un militar ocurrido en 2018"},"content":{"rendered":"\n<p>\u00b7&nbsp;&nbsp;&nbsp;&nbsp;&nbsp;&nbsp;&nbsp;&nbsp;&nbsp;<em>El imputado fue aprehendido al salir del Cereso, donde estuvo recluido por el delito de robo.<\/em><\/p>\n\n\n\n<p>La Procuradur\u00eda General de Justicia del Estado (PGJE) a trav\u00e9s de la Unidad Especializada en la Investigaci\u00f3n de Homicidios Dolosos, logr\u00f3 la captura de un hombre que de acuerdo a datos de prueba que obran dentro de la Carpeta de Investigaci\u00f3n, particip\u00f3 activamente en el homicidio de un elemento de la Secretar\u00eda de la Defensa Nacional (Sedena) durante un asalto al transporte p\u00fablico en Tlaxcala.<\/p>\n\n\n\n<p>El 16 de junio de 2018, oficiales de la Polic\u00eda de Investigaci\u00f3n fueron notificados a trav\u00e9s del servicio de emergencias 911, del hallazgo de un cuerpo sin vida en el interior de&nbsp; una unidad del servicio p\u00fablico local marca Toyota, tipo Hiace, en la carretera Tlaxcala-Apizaco, a la altura de la comunidad de Tizatl\u00e1n.<\/p>\n\n\n\n<p>Por lo anterior, los investigadores se abocaron a recabar y aportar datos contundentes a las indagatorias, permitiendo establecer que un hombre que responde al nombre de Leonardo Antonio N., perpetr\u00f3 un asalto a una camioneta del transporte p\u00fablico.<\/p>\n\n\n\n<p>Asimismo, establecieron que en dicha unidad viajaba el hoy occiso que se desempe\u00f1aba como militar activo, quien se resisti\u00f3 al robo y forceje\u00f3 con el imputado, provocando que este \u00faltimo le disparara con un arma de fuego, caus\u00e1ndole lesiones que propiciaron su muerte.<\/p>\n\n\n\n<p>Con toda esta informaci\u00f3n, el Agente del Ministerio P\u00fablico integr\u00f3 la Carpeta de Investigaci\u00f3n y solicit\u00f3 al Juez de control la orden de aprehensi\u00f3n respectiva por el delito de homicidio calificado, la cual fue cumplimentada la tarde del 7 de octubre, cuando el imputado sali\u00f3 del Centro de Reinserci\u00f3n Social (Cereso) tras estar recluido por el delito de robo.&nbsp;<\/p>\n\n\n\n<p>Con estas acciones, la Procuradur\u00eda de Tlaxcala garantiza la debida integraci\u00f3n de las indagatorias, con el prop\u00f3sito de esclarecer los hechos de acuerdo al marco legal correspondiente y erradicar la impunidad.<\/p>\n","protected":false},"excerpt":{"rendered":"<p>\u00b7&nbsp;&nbsp;&nbsp;&nbsp;&nbsp;&nbsp;&nbsp;&nbsp;&nbsp;El imputado fue aprehendido al salir del Cereso, donde estuvo recluido por el delito de robo. La Procuradur\u00eda General de Justicia del Estado (PGJE) a trav\u00e9s de la Unidad Especializada en la Investigaci\u00f3n de Homicidios Dolosos, logr\u00f3 la captura de un hombre que de acuerdo a datos de prueba que obran dentro de la Carpeta [&hellip;]<\/p>\n","protected":false},"author":12,"featured_media":0,"comment_status":"closed","ping_status":"open","sticky":false,"template":"","format":"standard","meta":{"om_disable_all_campaigns":false,"_monsterinsights_skip_tracking":false,"_monsterinsights_sitenote_active":false,"_monsterinsights_sitenote_note":"","_monsterinsights_sitenote_category":0,"jnews-multi-image_gallery":[],"jnews_single_post":[],"jnews_primary_category":[],"footnotes":""},"categories":[],"tags":[],"class_list":["post-53691","post","type-post","status-publish","format-standard","hentry"],"aioseo_notices":[],"_links":{"self":[{"href":"https:\/\/estado29.mx\/index.php?rest_route=\/wp\/v2\/posts\/53691","targetHints":{"allow":["GET"]}}],"collection":[{"href":"https:\/\/estado29.mx\/index.php?rest_route=\/wp\/v2\/posts"}],"about":[{"href":"https:\/\/estado29.mx\/index.php?rest_route=\/wp\/v2\/types\/post"}],"author":[{"embeddable":true,"href":"https:\/\/estado29.mx\/index.php?rest_route=\/wp\/v2\/users\/12"}],"replies":[{"embeddable":true,"href":"https:\/\/estado29.mx\/index.php?rest_route=%2Fwp%2Fv2%2Fcomments&post=53691"}],"version-history":[{"count":1,"href":"https:\/\/estado29.mx\/index.php?rest_route=\/wp\/v2\/posts\/53691\/revisions"}],"predecessor-version":[{"id":53694,"href":"https:\/\/estado29.mx\/index.php?rest_route=\/wp\/v2\/posts\/53691\/revisions\/53694"}],"wp:attachment":[{"href":"https:\/\/estado29.mx\/index.php?rest_route=%2Fwp%2Fv2%2Fmedia&parent=53691"}],"wp:term":[{"taxonomy":"category","embeddable":true,"href":"https:\/\/estado29.mx\/index.php?rest_route=%2Fwp%2Fv2%2Fcategories&post=53691"},{"taxonomy":"post_tag","embeddable":true,"href":"https:\/\/estado29.mx\/index.php?rest_route=%2Fwp%2Fv2%2Ftags&post=53691"}],"curies":[{"name":"wp","href":"https:\/\/api.w.org\/{rel}","templated":true}]}}