{"id":53703,"date":"2019-10-09T07:28:27","date_gmt":"2019-10-09T12:28:27","guid":{"rendered":"http:\/\/estado29.mx\/?p=53703"},"modified":"2019-10-09T07:28:35","modified_gmt":"2019-10-09T12:28:35","slug":"presentan-programa-de-tlaxcala-feria-2019-en-hidalgo","status":"publish","type":"post","link":"https:\/\/estado29.mx\/?p=53703","title":{"rendered":"Presentan programa de &#8220;Tlaxcala feria 2019&#8221; en Hidalgo"},"content":{"rendered":"\n<p>\u00b7&nbsp;&nbsp;&nbsp;&nbsp;&nbsp;&nbsp;&nbsp;<em>La Secture y el Patronato de Feria invitaron a las familias hidalguenses a disfrutar de los m\u00e1s de 360 eventos de la fiesta m\u00e1s importante de Tlaxcala.<\/em><\/p>\n\n\n\n<p>La Secretar\u00eda de Turismo (Secture) y el Patronato de Feria presentaron el programa de actividades de \u201cTlaxcala Feria 2019\u201d en Hidalgo, que contempla m\u00e1s de 360 eventos culturales, art\u00edsticos, taurinos, gastron\u00f3micos y deportivos.<\/p>\n\n\n\n<p>En las Instalaciones de la Secretar\u00eda de Turismo de Hidalgo, la titular de la Secture, Anabel Alvarado Varela, indic\u00f3 que, del 24 de octubre al 19 de noviembre, se llevar\u00e1 a cabo esta edici\u00f3n de la Feria que se enmarca dentro de la Conmemoraci\u00f3n de los 500 A\u00f1os del Encuentro de Dos Culturas.<\/p>\n\n\n\n<p>Acompa\u00f1ada por el Secretario de Turismo de Hidalgo, Eduardo Javier Ba\u00f1os G\u00f3mez, Alvarado Varela inform\u00f3 que se espera superar el n\u00famero de visitantes que registr\u00f3 el a\u00f1o pasado la festividad, con m\u00e1s de un mill\u00f3n y medio de personas.<\/p>\n\n\n\n<p>La funcionaria estatal detall\u00f3 que para salvaguardar la integridad de los visitantes, expositores y empresarios participantes se trabaja coordinadamente con la Secretar\u00eda de Seguridad Ciudadana (SSC), la Polic\u00eda Federal, la Coordinaci\u00f3n Estatal de Protecci\u00f3n Civil (CEPC) y la Secretar\u00eda de Salud (SESA).<\/p>\n\n\n\n<p>Por \u00faltimo, invit\u00f3 a las familias hidalguenses a que asistan a las actividades que se tienen programadas en el mes de octubre como el Festival internacional del T\u00edteres \u201cRosete Aranda\u201d, y la extensi\u00f3n del Festival Internacional Cervantino en Tlaxcala.<\/p>\n\n\n\n<p>En su oportunidad, el Presidente del Patronato de Feria 2019, Jos\u00e9 Antonio Carvajal Sampedro, detall\u00f3 que este 2019 los eventos se incrementaron un 20 por ciento en comparaci\u00f3n con el a\u00f1o pasado, y m\u00e1s del 90 por ciento de las actividades ser\u00e1n gratuitas.<\/p>\n\n\n\n<p>Como parte de los eventos, en el Foro Art\u00edstico se presentar\u00e1n de manera gratuita Aleks Syntek, Raymix, Edwin Luna y la Trakalosa de Monterrey, Lupita D&#8217;Alessio, Jesse &amp; Joy, Big Javy &amp; los Tenampa, Mar\u00eda Jos\u00e9, Lucero, Mario Bautista e Intocable.<\/p>\n\n\n\n<p>La oferta art\u00edstica contempla tambi\u00e9n los conciertos en el Palenque de Feria de la Banda MS, Carlos Rivera, Marisela, Gerardo Ortiz, Banda Renovaci\u00f3n &amp; Pancho Uresti, Mariachi Internacional CHG y Brian Sandoval, Pancho Barraza, R\u00edo Roma, Bronco, Juli\u00f3n \u00c1lvarez y Gloria Trevi.<\/p>\n\n\n\n<p>En el \u00e1mbito cultural los asistentes podr\u00e1n apreciar los Ballets Folkl\u00f3ricos de pa\u00edses como Argentina, Colombia, Brasil, Hong Kong y de estados como Chiapas, Oaxaca, Guerrero y Puebla, adem\u00e1s del Festival Internacional del T\u00edtere, la participaci\u00f3n de sinf\u00f3nicas y de los Voladores de Papantla.<\/p>\n\n\n\n<p>En el \u00e1mbito taurino se presentar\u00e1n toreros nacionales e internacionales como Finito de C\u00f3rdoba, Jos\u00e9 Luis Angelino, Uriel Moreno \u201cEl Zapata\u201d, Guillermo Hermoso de Mendoza, Alejandro Lima &#8220;El Mojito&#8221;, Manuel Escribano, Eulalio L\u00f3pez &#8220;El Zotoluco&#8221;, el rejoneador Giovanni Aloi, entre otros, adem\u00e1s se llevar\u00e1n a cabo diversas conferencias taurinas.<\/p>\n\n\n\n<p>A la rueda de prensa tambi\u00e9n asisti\u00f3 la reina de la Feria Danyela Su\u00e1rez Aguilar.<\/p>\n","protected":false},"excerpt":{"rendered":"<p>\u00b7&nbsp;&nbsp;&nbsp;&nbsp;&nbsp;&nbsp;&nbsp;La Secture y el Patronato de Feria invitaron a las familias hidalguenses a disfrutar de los m\u00e1s de 360 eventos de la fiesta m\u00e1s importante de Tlaxcala. La Secretar\u00eda de Turismo (Secture) y el Patronato de Feria presentaron el programa de actividades de \u201cTlaxcala Feria 2019\u201d en Hidalgo, que contempla m\u00e1s de 360 eventos culturales, [&hellip;]<\/p>\n","protected":false},"author":12,"featured_media":0,"comment_status":"closed","ping_status":"open","sticky":false,"template":"","format":"standard","meta":{"om_disable_all_campaigns":false,"_monsterinsights_skip_tracking":false,"_monsterinsights_sitenote_active":false,"_monsterinsights_sitenote_note":"","_monsterinsights_sitenote_category":0,"jnews-multi-image_gallery":[],"jnews_single_post":[],"jnews_primary_category":[],"footnotes":""},"categories":[],"tags":[],"class_list":["post-53703","post","type-post","status-publish","format-standard","hentry"],"aioseo_notices":[],"_links":{"self":[{"href":"https:\/\/estado29.mx\/index.php?rest_route=\/wp\/v2\/posts\/53703","targetHints":{"allow":["GET"]}}],"collection":[{"href":"https:\/\/estado29.mx\/index.php?rest_route=\/wp\/v2\/posts"}],"about":[{"href":"https:\/\/estado29.mx\/index.php?rest_route=\/wp\/v2\/types\/post"}],"author":[{"embeddable":true,"href":"https:\/\/estado29.mx\/index.php?rest_route=\/wp\/v2\/users\/12"}],"replies":[{"embeddable":true,"href":"https:\/\/estado29.mx\/index.php?rest_route=%2Fwp%2Fv2%2Fcomments&post=53703"}],"version-history":[{"count":1,"href":"https:\/\/estado29.mx\/index.php?rest_route=\/wp\/v2\/posts\/53703\/revisions"}],"predecessor-version":[{"id":53706,"href":"https:\/\/estado29.mx\/index.php?rest_route=\/wp\/v2\/posts\/53703\/revisions\/53706"}],"wp:attachment":[{"href":"https:\/\/estado29.mx\/index.php?rest_route=%2Fwp%2Fv2%2Fmedia&parent=53703"}],"wp:term":[{"taxonomy":"category","embeddable":true,"href":"https:\/\/estado29.mx\/index.php?rest_route=%2Fwp%2Fv2%2Fcategories&post=53703"},{"taxonomy":"post_tag","embeddable":true,"href":"https:\/\/estado29.mx\/index.php?rest_route=%2Fwp%2Fv2%2Ftags&post=53703"}],"curies":[{"name":"wp","href":"https:\/\/api.w.org\/{rel}","templated":true}]}}