{"id":53709,"date":"2019-10-09T07:36:19","date_gmt":"2019-10-09T12:36:19","guid":{"rendered":"http:\/\/estado29.mx\/?p=53709"},"modified":"2019-10-09T07:36:29","modified_gmt":"2019-10-09T12:36:29","slug":"diputado-local-y-alcalde-de-cuapiaxtla-entregan-avena-a-productores-del-campo","status":"publish","type":"post","link":"https:\/\/estado29.mx\/?p=53709","title":{"rendered":"Diputado local y alcalde de Cuapiaxtla entregan avena a productores del campo"},"content":{"rendered":"<p><br \/><!--StartFragment--><\/p>\n\n\n<p>El Diputado Local  Ramiro Vivanco Chedraui y el Presidente Municipal de Cuapiaxtla Arturo Hern\u00e1ndez Hern\u00e1ndez, entregaron semilla de avena certificada a m\u00e1s de 250 productores del campo. En su intervenci\u00f3n el municipe agradeci\u00f3 al Diputado Ramiro Vivanco Chedraui por haber etiquetado m\u00e1s de 2 millones de pesos para apoyos al campo.<\/p>\n\n\n\n<p> &#8220;Cuando se quiere se puede&#8221; manifest\u00f3 el alcalde y mencion\u00f3 que es la primera vez que se destinan recursos econ\u00f3micos desde el congreso local para el campo, un sector que ha sido olvidado pero adem\u00e1s en esta ocasi\u00f3n fue a trav\u00e9s del municipio como se hizo llegar este apoyo de manera transparente, imparcial y sin intermediarios lo cual da certidumbre a los campesinos, el apoyo que se otorg\u00f3 fue de 120 kilogramos por hect\u00e1rea y sin ning\u00fan costo. <\/p>\n\n\n\n<p><br>El legislador resalt\u00f3 la importancia que tiene el &#8220;Fondo de Acciones para el Fortalecimiento al Campo&#8221;, ya que es un proyecto que viene relacionado con la 4T en la cual el sector del campo es primordial para el actual Gobierno de M\u00e9xico, y apoyar a la gente del campo es fundamental para que las familias que dependen del mismo para que tengan m\u00e1s y mejores oportunidades. Tambi\u00e9n reconoci\u00f3 el trabajo y la gesti\u00f3n del alcalde al coordinar esfuerzos  y poder aterrizado tan importante programa.<\/p>\n\n\n<p><!--EndFragment--><br>\n<br>\n<\/p>","protected":false},"excerpt":{"rendered":"<p>El Diputado Local Ramiro Vivanco Chedraui y el Presidente Municipal de Cuapiaxtla Arturo Hern\u00e1ndez Hern\u00e1ndez, entregaron semilla de avena certificada a m\u00e1s de 250 productores del campo. En su intervenci\u00f3n el municipe agradeci\u00f3 al Diputado Ramiro Vivanco Chedraui por haber etiquetado m\u00e1s de 2 millones de pesos para apoyos al campo. &#8220;Cuando se quiere se [&hellip;]<\/p>\n","protected":false},"author":12,"featured_media":0,"comment_status":"closed","ping_status":"open","sticky":false,"template":"","format":"standard","meta":{"om_disable_all_campaigns":false,"_monsterinsights_skip_tracking":false,"_monsterinsights_sitenote_active":false,"_monsterinsights_sitenote_note":"","_monsterinsights_sitenote_category":0,"jnews-multi-image_gallery":[],"jnews_single_post":[],"jnews_primary_category":[],"footnotes":""},"categories":[],"tags":[],"class_list":["post-53709","post","type-post","status-publish","format-standard","hentry"],"aioseo_notices":[],"_links":{"self":[{"href":"https:\/\/estado29.mx\/index.php?rest_route=\/wp\/v2\/posts\/53709","targetHints":{"allow":["GET"]}}],"collection":[{"href":"https:\/\/estado29.mx\/index.php?rest_route=\/wp\/v2\/posts"}],"about":[{"href":"https:\/\/estado29.mx\/index.php?rest_route=\/wp\/v2\/types\/post"}],"author":[{"embeddable":true,"href":"https:\/\/estado29.mx\/index.php?rest_route=\/wp\/v2\/users\/12"}],"replies":[{"embeddable":true,"href":"https:\/\/estado29.mx\/index.php?rest_route=%2Fwp%2Fv2%2Fcomments&post=53709"}],"version-history":[{"count":1,"href":"https:\/\/estado29.mx\/index.php?rest_route=\/wp\/v2\/posts\/53709\/revisions"}],"predecessor-version":[{"id":53712,"href":"https:\/\/estado29.mx\/index.php?rest_route=\/wp\/v2\/posts\/53709\/revisions\/53712"}],"wp:attachment":[{"href":"https:\/\/estado29.mx\/index.php?rest_route=%2Fwp%2Fv2%2Fmedia&parent=53709"}],"wp:term":[{"taxonomy":"category","embeddable":true,"href":"https:\/\/estado29.mx\/index.php?rest_route=%2Fwp%2Fv2%2Fcategories&post=53709"},{"taxonomy":"post_tag","embeddable":true,"href":"https:\/\/estado29.mx\/index.php?rest_route=%2Fwp%2Fv2%2Ftags&post=53709"}],"curies":[{"name":"wp","href":"https:\/\/api.w.org\/{rel}","templated":true}]}}