{"id":53717,"date":"2019-10-09T11:26:12","date_gmt":"2019-10-09T16:26:12","guid":{"rendered":"http:\/\/estado29.mx\/?p=53717"},"modified":"2019-10-09T11:26:23","modified_gmt":"2019-10-09T16:26:23","slug":"marco-mena-y-embajador-de-hungria-acuerdan-cooperacion-en-temas-ambientales-y-academicos","status":"publish","type":"post","link":"https:\/\/estado29.mx\/?p=53717","title":{"rendered":"Marco Mena y embajador de Hungr\u00eda acuerdan cooperaci\u00f3n en temas ambientales y acad\u00e9micos"},"content":{"rendered":"\n<p><em>\u2022 El Gobernador se reuni\u00f3 con el Diplom\u00e1tico Iv\u00e1n Medveczky para analizar acciones que fortalezcan los trabajos de saneamiento del r\u00edo Zahuapan.<\/em><\/p>\n\n\n\n<p>El Gobernador Marco Mena se reuni\u00f3 con el Embajador de Hungr\u00eda en M\u00e9xico, Iv\u00e1n Medveczky, para establecer estrategias de cooperaci\u00f3n que fortalezcan las acciones de saneamiento del r\u00edo Zahuapan \u2013debido a la experiencia h\u00fangara en el r\u00edo Danubio-, y el intercambio acad\u00e9mico entre ambos pa\u00edses.<\/p>\n\n\n\n<p>Durante el encuentro, el Gobernador Mena resalt\u00f3 el inter\u00e9s de la Administraci\u00f3n Estatal de trabajar coordinadamente con especialistas internacionales para reforzar el cuidado del medio ambiente y los recursos naturales que existen en la entidad.<\/p>\n\n\n\n<p>En el Palacio de Gobierno, Marco Mena reconoci\u00f3 que el apoyo por parte de especialistas de la Universidad de Tecnolog\u00eda y Econom\u00eda de Budapest permitir\u00e1 obtener mejores resultados en el saneamiento del r\u00edo Zahuapan.<\/p>\n\n\n\n<p>En materia acad\u00e9mica, Marco Mena subray\u00f3 la importancia de las becas que ofrece el Gobierno de Hungr\u00eda a estudiantes mexicanos, con lo que se ampl\u00edan las posibilidades para que j\u00f3venes tlaxcaltecas contin\u00faen con su preparaci\u00f3n en el extranjero y mejoren sus oportunidades de desarrollo.<\/p>\n\n\n\n<p>En su oportunidad, el Embajador Iv\u00e1n Medveczky destac\u00f3 la disposici\u00f3n por parte del Gobierno del Estado para trabajar de manera conjunta con Hungr\u00eda, adem\u00e1s de la determinaci\u00f3n para obtener buenos resultados en favor de los tlaxcaltecas.<\/p>\n\n\n\n<p>Iv\u00e1n Medveczky detall\u00f3 que la Universidad de Tecnolog\u00eda y Econom\u00eda de Budapest, fundada en 1782, cuenta con m\u00e1s de 200 a\u00f1os de experiencia en temas ambientales como el tratamiento del agua; adem\u00e1s, colabora con autoridades de Hungr\u00eda en la limpieza de r\u00edos y lagos de ese pa\u00eds, como el Danubio.<\/p>\n\n\n\n<p>El Embajador de Hungr\u00eda revel\u00f3 que continuar\u00e1n los acercamientos y colaboraci\u00f3n con el Gobierno de Tlaxcala, por lo que se integrar\u00e1 un equipo de trabajo que analice las causas de la contaminaci\u00f3n del afluente, as\u00ed como las acciones a emprender.<\/p>\n\n\n\n<p>Finalmente, el Embajador Iv\u00e1n Medveczky inform\u00f3 que el Gobierno de Hungr\u00eda anualmente ofrece 40 becas a estudiantes mexicanos, principalmente para Doctorado y Maestr\u00eda, las cuales contemplan colegiatura, cobertura m\u00e9dica, alojamiento en un hostal estudiantil y apoyo econ\u00f3mico para manutenci\u00f3n, por lo que invit\u00f3 a los alumnos tlaxcaltecas a participar en el proceso de selecci\u00f3n.<\/p>\n\n\n\n<p>Cabe se\u00f1alar que como parte de la reuni\u00f3n se estableci\u00f3 la posibilidad de signar un convenio entre la Universidad Tecnol\u00f3gica de Tlaxcala (UTT) y la Universidad de Tecnolog\u00eda y Econom\u00eda de Budapest para realizar intercambios de estudiantes y profesores, as\u00ed como la organizaci\u00f3n en conjunto de seminarios y conferencias.<\/p>\n\n\n\n<p>En la reuni\u00f3n estuvieron Mikl\u00f3s Patziger e Istv\u00e1n Licsk\u00f3, profesores Asociado y Em\u00e9rito, respectivamente, de la Universidad de Tecnolog\u00eda y Econom\u00eda de Budapest; Florentino Dom\u00ednguez Ord\u00f3\u00f1ez, Secretario de Educaci\u00f3n P\u00fablica del Estado y Jos\u00e9 Luis Gonz\u00e1lez Cu\u00e9llar, Rector de la Universidad Tecnol\u00f3gica de Tlaxcala.<\/p>\n","protected":false},"excerpt":{"rendered":"<p>\u2022 El Gobernador se reuni\u00f3 con el Diplom\u00e1tico Iv\u00e1n Medveczky para analizar acciones que fortalezcan los trabajos de saneamiento del r\u00edo Zahuapan. El Gobernador Marco Mena se reuni\u00f3 con el Embajador de Hungr\u00eda en M\u00e9xico, Iv\u00e1n Medveczky, para establecer estrategias de cooperaci\u00f3n que fortalezcan las acciones de saneamiento del r\u00edo Zahuapan \u2013debido a la experiencia [&hellip;]<\/p>\n","protected":false},"author":12,"featured_media":0,"comment_status":"closed","ping_status":"open","sticky":false,"template":"","format":"standard","meta":{"om_disable_all_campaigns":false,"_monsterinsights_skip_tracking":false,"_monsterinsights_sitenote_active":false,"_monsterinsights_sitenote_note":"","_monsterinsights_sitenote_category":0,"jnews-multi-image_gallery":[],"jnews_single_post":[],"jnews_primary_category":[],"footnotes":""},"categories":[],"tags":[],"class_list":["post-53717","post","type-post","status-publish","format-standard","hentry"],"aioseo_notices":[],"_links":{"self":[{"href":"https:\/\/estado29.mx\/index.php?rest_route=\/wp\/v2\/posts\/53717","targetHints":{"allow":["GET"]}}],"collection":[{"href":"https:\/\/estado29.mx\/index.php?rest_route=\/wp\/v2\/posts"}],"about":[{"href":"https:\/\/estado29.mx\/index.php?rest_route=\/wp\/v2\/types\/post"}],"author":[{"embeddable":true,"href":"https:\/\/estado29.mx\/index.php?rest_route=\/wp\/v2\/users\/12"}],"replies":[{"embeddable":true,"href":"https:\/\/estado29.mx\/index.php?rest_route=%2Fwp%2Fv2%2Fcomments&post=53717"}],"version-history":[{"count":1,"href":"https:\/\/estado29.mx\/index.php?rest_route=\/wp\/v2\/posts\/53717\/revisions"}],"predecessor-version":[{"id":53720,"href":"https:\/\/estado29.mx\/index.php?rest_route=\/wp\/v2\/posts\/53717\/revisions\/53720"}],"wp:attachment":[{"href":"https:\/\/estado29.mx\/index.php?rest_route=%2Fwp%2Fv2%2Fmedia&parent=53717"}],"wp:term":[{"taxonomy":"category","embeddable":true,"href":"https:\/\/estado29.mx\/index.php?rest_route=%2Fwp%2Fv2%2Fcategories&post=53717"},{"taxonomy":"post_tag","embeddable":true,"href":"https:\/\/estado29.mx\/index.php?rest_route=%2Fwp%2Fv2%2Ftags&post=53717"}],"curies":[{"name":"wp","href":"https:\/\/api.w.org\/{rel}","templated":true}]}}