{"id":53721,"date":"2019-10-09T11:51:23","date_gmt":"2019-10-09T16:51:23","guid":{"rendered":"http:\/\/estado29.mx\/?p=53721"},"modified":"2019-10-09T11:51:32","modified_gmt":"2019-10-09T16:51:32","slug":"fortalece-cesesp-estrategias-de-prevencion-del-delito","status":"publish","type":"post","link":"https:\/\/estado29.mx\/?p=53721","title":{"rendered":"Fortalece CESESP estrategias de prevenci\u00f3n del delito"},"content":{"rendered":"\n<p>\u2022&nbsp;<em>La finalidad es promover espacios libres de violencia y garantizar la seguridad en los hogares.<\/em><\/p>\n\n\n\n<p>La Comisi\u00f3n Ejecutiva del Sistema Estatal de Seguridad P\u00fablica (Cesesp) reforz\u00f3 en septiembre, las acciones de prevenci\u00f3n del delito, a trav\u00e9s de diversas estrategias dirigidas a contribuir a la seguridad en los hogares de la entidad.<\/p>\n\n\n\n<p>Ana Bel\u00e9n R\u00faa Lugo, Comisionada Ejecutiva, detall\u00f3 que como parte de las actividades en coordinaci\u00f3n con la 23 Zona Militar de la Secretar\u00eda de la Defensa Nacional (Sedena), se ampli\u00f3 la campa\u00f1a de Canje de Armas de Fuego, R\u00e9plicas y Registro de Armas, instalando en el mes un total de ocho m\u00f3dulos en igual n\u00famero de municipios.<\/p>\n\n\n\n<p>Adem\u00e1s, durante este periodo se llevaron a cabo Jornadas de Prevenci\u00f3n del Delito en 12 centros educativos que beneficiaron a un total de dos mil 800 estudiantes.<\/p>\n\n\n\n<p>En ese mismo sentido, el Grupo Multidisciplinario conformado por 14 dependencias estatales y federales, realiz\u00f3 jornadas de sensibilizaci\u00f3n con el objetivo de brindar las herramientas necesarias para fortalecer las acciones de autocuidado entre la comunidad estudiantil.<\/p>\n\n\n\n<p>Cabe se\u00f1alar que los integrantes del Grupo Multidisciplinario brindan atenci\u00f3n integral a los adolescentes que identifican en situaci\u00f3n de riesgo, adem\u00e1s de establecer acciones de seguimiento para orientarlos de manera adecuada.<\/p>\n\n\n\n<p>De esta manera, la Comisi\u00f3n Ejecutiva del Sistema Estatal de Seguridad P\u00fablica desarrolla estrategias para promover espacios libres de violencia y salvaguardar la integridad familiar.<\/p>\n","protected":false},"excerpt":{"rendered":"<p>\u2022&nbsp;La finalidad es promover espacios libres de violencia y garantizar la seguridad en los hogares. La Comisi\u00f3n Ejecutiva del Sistema Estatal de Seguridad P\u00fablica (Cesesp) reforz\u00f3 en septiembre, las acciones de prevenci\u00f3n del delito, a trav\u00e9s de diversas estrategias dirigidas a contribuir a la seguridad en los hogares de la entidad. Ana Bel\u00e9n R\u00faa Lugo, [&hellip;]<\/p>\n","protected":false},"author":12,"featured_media":0,"comment_status":"closed","ping_status":"open","sticky":false,"template":"","format":"standard","meta":{"om_disable_all_campaigns":false,"_monsterinsights_skip_tracking":false,"_monsterinsights_sitenote_active":false,"_monsterinsights_sitenote_note":"","_monsterinsights_sitenote_category":0,"jnews-multi-image_gallery":[],"jnews_single_post":[],"jnews_primary_category":[],"footnotes":""},"categories":[],"tags":[],"class_list":["post-53721","post","type-post","status-publish","format-standard","hentry"],"aioseo_notices":[],"_links":{"self":[{"href":"https:\/\/estado29.mx\/index.php?rest_route=\/wp\/v2\/posts\/53721","targetHints":{"allow":["GET"]}}],"collection":[{"href":"https:\/\/estado29.mx\/index.php?rest_route=\/wp\/v2\/posts"}],"about":[{"href":"https:\/\/estado29.mx\/index.php?rest_route=\/wp\/v2\/types\/post"}],"author":[{"embeddable":true,"href":"https:\/\/estado29.mx\/index.php?rest_route=\/wp\/v2\/users\/12"}],"replies":[{"embeddable":true,"href":"https:\/\/estado29.mx\/index.php?rest_route=%2Fwp%2Fv2%2Fcomments&post=53721"}],"version-history":[{"count":1,"href":"https:\/\/estado29.mx\/index.php?rest_route=\/wp\/v2\/posts\/53721\/revisions"}],"predecessor-version":[{"id":53724,"href":"https:\/\/estado29.mx\/index.php?rest_route=\/wp\/v2\/posts\/53721\/revisions\/53724"}],"wp:attachment":[{"href":"https:\/\/estado29.mx\/index.php?rest_route=%2Fwp%2Fv2%2Fmedia&parent=53721"}],"wp:term":[{"taxonomy":"category","embeddable":true,"href":"https:\/\/estado29.mx\/index.php?rest_route=%2Fwp%2Fv2%2Fcategories&post=53721"},{"taxonomy":"post_tag","embeddable":true,"href":"https:\/\/estado29.mx\/index.php?rest_route=%2Fwp%2Fv2%2Ftags&post=53721"}],"curies":[{"name":"wp","href":"https:\/\/api.w.org\/{rel}","templated":true}]}}