{"id":53739,"date":"2019-10-09T15:08:26","date_gmt":"2019-10-09T20:08:26","guid":{"rendered":"http:\/\/estado29.mx\/?p=53739"},"modified":"2019-10-09T15:08:39","modified_gmt":"2019-10-09T20:08:39","slug":"piden-iniciar-el-proceso-de-juicio-politico-contra-integrantes-del-cabildo-de-axocomanitla","status":"publish","type":"post","link":"https:\/\/estado29.mx\/?p=53739","title":{"rendered":"Piden iniciar el proceso de juicio pol\u00edtico contra integrantes del cabildo de Axocomanitla"},"content":{"rendered":"\n<p>Vecinos del municipio de San Lorenzo Axocomanitla,\nsolicitaron a la presidenta de la Mesa Directiva del Congreso del Estado, Mar\u00eda\nF\u00e9lix Pluma Flores convocar a los integrantes de la 63 Legislatura para que se\nconforme una Comisi\u00f3n Especial con el prop\u00f3sito de substanciar la denuncia de\njuicio pol\u00edtico en contra de integrantes del cabildo. <\/p>\n\n\n\n<p>Dijeron que con el inicio del procedimiento deber\u00e1n de\nhacerse de pruebas para demostrar que la presidenta municipal de Axocomanitla,\nMartha Palafox Hern\u00e1ndez, el s\u00edndico Alejandro Santamaria Cuayahuitl, y los\nregidores Isela Flores Ajuech, Daniel Meneses Tuxpan, V\u00edctor Hugo Espinoza\nEscobar, Guicela Flores Tuxpan y Jos\u00e9 Carmen Tuxpan Pedraza, incurrieron en\nmala administraci\u00f3n que generaron un probable da\u00f1o patrimonial por 3.5 millones\nde pesos. <\/p>\n\n\n\n<p>Los vecinos que encabezan la petici\u00f3n son: Mar\u00eda de los\n\u00c1ngeles Tuxpan, Bertha Castillo V\u00e1zquez, Jos\u00e9 Domingo Meneses Rodr\u00edguez, Jos\u00e9\nJaime S\u00e1nchez S\u00e1nchez, Jos\u00e9 de Jes\u00fas Fulgencio Texis Berm\u00fadez, Jos\u00e9 Merced\nGerardo P\u00e9rez y Abraham Flores P\u00e9rez, quienes pidieron a la C\u00e1mara local que\ninicie con el proceso de juicio pol\u00edtico en contra de los funcionarios antes\nmencionados, pero adem\u00e1s presentaron algunos otros documentos y procedimientos\niniciados para robustecer su petici\u00f3n. <\/p>\n\n\n\n<p>Para ello, \u201csolicitamos agreguen al expediente\nparlamentario, la carpeta de investigaci\u00f3n n\u00famero AITLAX\/T3\/2131\/201, misma que\ncontiene datos relativos a la denuncia penal por los delitos de uso il\u00edcito de\natribuciones y facultades, y falsificaci\u00f3n de documentos, que se investigan\nante el agente del Ministerio P\u00fablico&nbsp;\nEspecializado para la Atenci\u00f3n de Delitos relacionados con los\nServidores P\u00fablicos, toda vez que tienen relaci\u00f3n directa con el primer punto\nde los hechos narrados en la denuncia de juicio pol\u00edtico\u201d. <\/p>\n\n\n\n<p>Dicha solicitud fue tomada en consideraci\u00f3n durante la\nsesi\u00f3n ordinaria de este martes, por lo que ser\u00e1 atendida por la presidenta de\nla Mesa Directiva del Congreso local, Mar\u00eda F\u00e9lix Pluma.&nbsp; <\/p>\n","protected":false},"excerpt":{"rendered":"<p>Vecinos del municipio de San Lorenzo Axocomanitla, solicitaron a la presidenta de la Mesa Directiva del Congreso del Estado, Mar\u00eda F\u00e9lix Pluma Flores convocar a los integrantes de la 63 Legislatura para que se conforme una Comisi\u00f3n Especial con el prop\u00f3sito de substanciar la denuncia de juicio pol\u00edtico en contra de integrantes del cabildo. Dijeron [&hellip;]<\/p>\n","protected":false},"author":31,"featured_media":0,"comment_status":"closed","ping_status":"open","sticky":false,"template":"","format":"standard","meta":{"om_disable_all_campaigns":false,"_monsterinsights_skip_tracking":false,"_monsterinsights_sitenote_active":false,"_monsterinsights_sitenote_note":"","_monsterinsights_sitenote_category":0,"jnews-multi-image_gallery":[],"jnews_single_post":[],"jnews_primary_category":[],"footnotes":""},"categories":[],"tags":[],"class_list":["post-53739","post","type-post","status-publish","format-standard","hentry"],"aioseo_notices":[],"_links":{"self":[{"href":"https:\/\/estado29.mx\/index.php?rest_route=\/wp\/v2\/posts\/53739","targetHints":{"allow":["GET"]}}],"collection":[{"href":"https:\/\/estado29.mx\/index.php?rest_route=\/wp\/v2\/posts"}],"about":[{"href":"https:\/\/estado29.mx\/index.php?rest_route=\/wp\/v2\/types\/post"}],"author":[{"embeddable":true,"href":"https:\/\/estado29.mx\/index.php?rest_route=\/wp\/v2\/users\/31"}],"replies":[{"embeddable":true,"href":"https:\/\/estado29.mx\/index.php?rest_route=%2Fwp%2Fv2%2Fcomments&post=53739"}],"version-history":[{"count":1,"href":"https:\/\/estado29.mx\/index.php?rest_route=\/wp\/v2\/posts\/53739\/revisions"}],"predecessor-version":[{"id":53742,"href":"https:\/\/estado29.mx\/index.php?rest_route=\/wp\/v2\/posts\/53739\/revisions\/53742"}],"wp:attachment":[{"href":"https:\/\/estado29.mx\/index.php?rest_route=%2Fwp%2Fv2%2Fmedia&parent=53739"}],"wp:term":[{"taxonomy":"category","embeddable":true,"href":"https:\/\/estado29.mx\/index.php?rest_route=%2Fwp%2Fv2%2Fcategories&post=53739"},{"taxonomy":"post_tag","embeddable":true,"href":"https:\/\/estado29.mx\/index.php?rest_route=%2Fwp%2Fv2%2Ftags&post=53739"}],"curies":[{"name":"wp","href":"https:\/\/api.w.org\/{rel}","templated":true}]}}