{"id":53791,"date":"2019-10-10T15:08:36","date_gmt":"2019-10-10T20:08:36","guid":{"rendered":"http:\/\/estado29.mx\/?p=53791"},"modified":"2019-10-10T15:08:45","modified_gmt":"2019-10-10T20:08:45","slug":"inaugura-sesa-vii-semana-de-difusion-de-la-cultura-bioetica","status":"publish","type":"post","link":"https:\/\/estado29.mx\/?p=53791","title":{"rendered":"Inaugura SESA VII semana de difusi\u00f3n de la cultura bio\u00e9tica"},"content":{"rendered":"\n<p>La Secretar\u00eda de Salud (SESA), inaugur\u00f3 las actividades de la VII Semana de Difusi\u00f3n de la Cultura Bio\u00e9tica, que promueve la importancia del trato digno y respeto a los derechos humanos de usuarios de los servicios de salud, as\u00ed como la aplicaci\u00f3n de principios \u00e9ticos en la atenci\u00f3n m\u00e9dica.<\/p>\n\n\n\n<p>Patricia Osorno Romero, encargada de la Direcci\u00f3n de Atenci\u00f3n Especializada a la Salud, explic\u00f3 que las actividades de difusi\u00f3n que se realizan en esta semana incentivan la incorporaci\u00f3n de principios de bio\u00e9tica en la salud p\u00fablica, as\u00ed como el dise\u00f1o de estrategias que establezcan mecanismos para la inserci\u00f3n de estos conceptos en los planes y programas del sector.<\/p>\n\n\n\n<p>De esta manera, del 7 al 11 de octubre, a trav\u00e9s de talleres, pl\u00e1ticas y conferencias se difunden entre la poblaci\u00f3n tlaxcalteca los servicios que ofrece la Comisi\u00f3n Estatal de Bio\u00e9tica, los comit\u00e9s hospitalarios de Bio\u00e9tica y los comit\u00e9s de \u00c9tica en Investigaci\u00f3n, as\u00ed como su organizaci\u00f3n, funcionamiento y apoyo que brindan en la resoluci\u00f3n de quejas y controversias.<\/p>\n\n\n\n<p>Con estas acciones, la Secretar\u00eda de Salud fortalece la atenci\u00f3n m\u00e9dica que reciben tlaxcaltecas en instituciones p\u00fablicas y privadas de la entidad, as\u00ed como la cultura del buen trato a pacientes.<\/p>\n\n\n\n<p>El acto inaugural se realiz\u00f3 en el teatro del Instituto Mexicano del Seguro Social (IMSS) de la capital, con la presencia de funcionarios federales, estatales y de la Universidad Aut\u00f3noma del Estado de Tlaxcala.<\/p>\n","protected":false},"excerpt":{"rendered":"<p>La Secretar\u00eda de Salud (SESA), inaugur\u00f3 las actividades de la VII Semana de Difusi\u00f3n de la Cultura Bio\u00e9tica, que promueve la importancia del trato digno y respeto a los derechos humanos de usuarios de los servicios de salud, as\u00ed como la aplicaci\u00f3n de principios \u00e9ticos en la atenci\u00f3n m\u00e9dica. Patricia Osorno Romero, encargada de la [&hellip;]<\/p>\n","protected":false},"author":12,"featured_media":0,"comment_status":"closed","ping_status":"open","sticky":false,"template":"","format":"standard","meta":{"om_disable_all_campaigns":false,"_monsterinsights_skip_tracking":false,"_monsterinsights_sitenote_active":false,"_monsterinsights_sitenote_note":"","_monsterinsights_sitenote_category":0,"jnews-multi-image_gallery":[],"jnews_single_post":[],"jnews_primary_category":[],"footnotes":""},"categories":[],"tags":[],"class_list":["post-53791","post","type-post","status-publish","format-standard","hentry"],"aioseo_notices":[],"_links":{"self":[{"href":"https:\/\/estado29.mx\/index.php?rest_route=\/wp\/v2\/posts\/53791","targetHints":{"allow":["GET"]}}],"collection":[{"href":"https:\/\/estado29.mx\/index.php?rest_route=\/wp\/v2\/posts"}],"about":[{"href":"https:\/\/estado29.mx\/index.php?rest_route=\/wp\/v2\/types\/post"}],"author":[{"embeddable":true,"href":"https:\/\/estado29.mx\/index.php?rest_route=\/wp\/v2\/users\/12"}],"replies":[{"embeddable":true,"href":"https:\/\/estado29.mx\/index.php?rest_route=%2Fwp%2Fv2%2Fcomments&post=53791"}],"version-history":[{"count":1,"href":"https:\/\/estado29.mx\/index.php?rest_route=\/wp\/v2\/posts\/53791\/revisions"}],"predecessor-version":[{"id":53794,"href":"https:\/\/estado29.mx\/index.php?rest_route=\/wp\/v2\/posts\/53791\/revisions\/53794"}],"wp:attachment":[{"href":"https:\/\/estado29.mx\/index.php?rest_route=%2Fwp%2Fv2%2Fmedia&parent=53791"}],"wp:term":[{"taxonomy":"category","embeddable":true,"href":"https:\/\/estado29.mx\/index.php?rest_route=%2Fwp%2Fv2%2Fcategories&post=53791"},{"taxonomy":"post_tag","embeddable":true,"href":"https:\/\/estado29.mx\/index.php?rest_route=%2Fwp%2Fv2%2Ftags&post=53791"}],"curies":[{"name":"wp","href":"https:\/\/api.w.org\/{rel}","templated":true}]}}