{"id":53795,"date":"2019-10-10T17:37:24","date_gmt":"2019-10-10T22:37:24","guid":{"rendered":"http:\/\/estado29.mx\/?p=53795"},"modified":"2019-10-10T17:37:35","modified_gmt":"2019-10-10T22:37:35","slug":"acuerdan-puebla-y-tlaxcala-redoblar-esfuerzos-para-proteger-a-la-malinche","status":"publish","type":"post","link":"https:\/\/estado29.mx\/?p=53795","title":{"rendered":"Acuerdan Puebla y Tlaxcala redoblar esfuerzos para proteger a La Malinche"},"content":{"rendered":"\n<p>Autoridades de Tlaxcala y Puebla se comprometieron a\nredoblar esfuerzos para cuidar y proteger al \u00c1rea Natural Protegida \u201cLa\nMalinche\u201d, dicho compromiso fue refrendado durante la celebraci\u00f3n de los 81\na\u00f1os de ser considerado mediante Decreto Presidencial \u00c1rea Natural Protegida. <\/p>\n\n\n\n<p>En el Centro Operativo del Parque La Malinche, el\ngobernador del estado, Marco Antonio Mena Rodr\u00edguez record\u00f3 que tanto Tlaxcala\ny Puebla, redoblar\u00e1n esfuerzos para cuidar el volc\u00e1n, no solo en temas de\nreforestaci\u00f3n sino tambi\u00e9n para evitar los incendios forestales, la tala\nclandestina, para lo cual&nbsp; trabajar\u00e1n de\nmanera coordinada los dos gobiernos, con apoyo del Gobierno Federal.<\/p>\n\n\n\n<p>Sobre ese tema, sentenci\u00f3 que &#8220;es indispensable que\nlo hagamos, no \u00fanicamente se requiere conciencia de la ciudadan\u00eda para no tirar\nbasura, para no iniciar incendios, tambi\u00e9n necesitamos acci\u00f3n de la autoridad y\nnosotros lo hacemos adem\u00e1s del compromiso y orgullo por la naturaleza y por La\nMalinche, por responsabilidad de la tarea que como funcionarios p\u00fablicos tenemos\ncon la poblaci\u00f3n&#8221;.<\/p>\n\n\n\n<p>En su oportunidad, la Secretaria de Medio Ambiente,\nDesarrollo Sustentable y Ordenamiento Territorial del Estado de Puebla, Beatriz\nManrique Guevara ratific\u00f3 el compromiso de ambos gobiernos de proteger a la\nzona natural, incluso record\u00f3 que en septiembre&nbsp;\npasado Puebla y Tlaxcala firmaron un convenio marco de Coordinaci\u00f3n y\nColaboraci\u00f3n para llevar a cabo planes y programas en materia ambiental en el\nr\u00edo Atoyac-Zahuapan y La Malinche.<\/p>\n\n\n\n<p>Dijo que el gobernador de Puebla, Miguel Barbosa junto\ncon su hom\u00f3logo de Tlaxcala, Marco Antonio Mena Rodr\u00edguez&nbsp; &#8220;han decidido poner manos a la obra con\nm\u00e1s fuerza en el cuidado, recuperaci\u00f3n, conservaci\u00f3n de La Malinche, hemos\nvenido avanzando en las acciones que creemos que son las pertinentes en ambos\nestados para lograr que sea un reservorio de servicios ambientales, un sitio\ndigno para sus habitantes, y estamos convencidos de que tenemos que apretar el\npaso\u2026 necesitamos contener la presi\u00f3n urbana para eso se necesita la\nparticipaci\u00f3n de todas las autoridades y de la sociedad para entender que sin\nLa Malinche sus servicios ambientales comprometemos el ox\u00edgeno, el agua, la\nbiodiversidad, para las futuras generaciones&#8221;.<\/p>\n\n\n\n<p>En su oportunidad, el Coordinador General de Ecolog\u00eda,\nEfra\u00edn Flores Hern\u00e1ndez refiri\u00f3 que en el \u00e1mbito de su competencia el Gobierno\nde Tlaxcala opera tres brigadas de combate contra incendios, que en este a\u00f1o\npor la temporada de sequ\u00eda detect\u00f3 y combati\u00f3 219 siniestros.<\/p>\n\n\n\n<p>Los brigadistas tanto adscriptos al Estado y a la\nFederaci\u00f3n, realizan trabajos de prevenci\u00f3n con la construcci\u00f3n de cinco mil\nmetros lineales de brechas corta fuego en diferentes parajes; adem\u00e1s mediante\nel programa de restauraci\u00f3n y conservaci\u00f3n se realiz\u00f3 la rehabilitaci\u00f3n de\nzanja-bordo con una superficie de cinco mil metros lineales con el objeto de\nseguir cantando la mayor cantidad de agua pluvial y as\u00ed evitar la erosi\u00f3n del\nsuelo forestal.<\/p>\n\n\n\n<p>A consecuencia del crecimiento poblacional y del\ndesarrollo industrial, La Malinche comenz\u00f3 a ser explotada en exceso y para\nprotegerla se declar\u00f3 como \u00c1rea Natural Protegida mediante decreto el 6 de\noctubre de 1938, fue as\u00ed como se convierte en Parque Nacional, posteriormente\nmediante acuerdo de coordinaci\u00f3n con la federaci\u00f3n en el a\u00f1o de 1996 se otorg\u00f3\nla administraci\u00f3n del parque a las entidades de Puebla y Tlaxcala.<\/p>\n","protected":false},"excerpt":{"rendered":"<p>Autoridades de Tlaxcala y Puebla se comprometieron a redoblar esfuerzos para cuidar y proteger al \u00c1rea Natural Protegida \u201cLa Malinche\u201d, dicho compromiso fue refrendado durante la celebraci\u00f3n de los 81 a\u00f1os de ser considerado mediante Decreto Presidencial \u00c1rea Natural Protegida. En el Centro Operativo del Parque La Malinche, el gobernador del estado, Marco Antonio Mena [&hellip;]<\/p>\n","protected":false},"author":31,"featured_media":0,"comment_status":"closed","ping_status":"open","sticky":false,"template":"","format":"standard","meta":{"om_disable_all_campaigns":false,"_monsterinsights_skip_tracking":false,"_monsterinsights_sitenote_active":false,"_monsterinsights_sitenote_note":"","_monsterinsights_sitenote_category":0,"jnews-multi-image_gallery":[],"jnews_single_post":[],"jnews_primary_category":[],"footnotes":""},"categories":[],"tags":[],"class_list":["post-53795","post","type-post","status-publish","format-standard","hentry"],"aioseo_notices":[],"_links":{"self":[{"href":"https:\/\/estado29.mx\/index.php?rest_route=\/wp\/v2\/posts\/53795","targetHints":{"allow":["GET"]}}],"collection":[{"href":"https:\/\/estado29.mx\/index.php?rest_route=\/wp\/v2\/posts"}],"about":[{"href":"https:\/\/estado29.mx\/index.php?rest_route=\/wp\/v2\/types\/post"}],"author":[{"embeddable":true,"href":"https:\/\/estado29.mx\/index.php?rest_route=\/wp\/v2\/users\/31"}],"replies":[{"embeddable":true,"href":"https:\/\/estado29.mx\/index.php?rest_route=%2Fwp%2Fv2%2Fcomments&post=53795"}],"version-history":[{"count":1,"href":"https:\/\/estado29.mx\/index.php?rest_route=\/wp\/v2\/posts\/53795\/revisions"}],"predecessor-version":[{"id":53798,"href":"https:\/\/estado29.mx\/index.php?rest_route=\/wp\/v2\/posts\/53795\/revisions\/53798"}],"wp:attachment":[{"href":"https:\/\/estado29.mx\/index.php?rest_route=%2Fwp%2Fv2%2Fmedia&parent=53795"}],"wp:term":[{"taxonomy":"category","embeddable":true,"href":"https:\/\/estado29.mx\/index.php?rest_route=%2Fwp%2Fv2%2Fcategories&post=53795"},{"taxonomy":"post_tag","embeddable":true,"href":"https:\/\/estado29.mx\/index.php?rest_route=%2Fwp%2Fv2%2Ftags&post=53795"}],"curies":[{"name":"wp","href":"https:\/\/api.w.org\/{rel}","templated":true}]}}