{"id":53812,"date":"2019-10-10T22:03:38","date_gmt":"2019-10-11T03:03:38","guid":{"rendered":"http:\/\/estado29.mx\/?p=53812"},"modified":"2019-10-10T22:03:46","modified_gmt":"2019-10-11T03:03:46","slug":"inician-preparativos-por-la-fundacion-de-huamantla","status":"publish","type":"post","link":"https:\/\/estado29.mx\/?p=53812","title":{"rendered":"Inician preparativos por la fundaci\u00f3n de Huamantla."},"content":{"rendered":"\n<p>Con motivo de la fundaci\u00f3n\ndel municipio de Huamantla, el alcalde de esta ciudad, Jorge S\u00e1nchez Jasso, dio\na&nbsp; conocer que se tendr\u00e1n distintos\neventos conmemorativos al 485 aniversario del pueblo m\u00e1gico, como una\nnovillada, el Festival Internacional del T\u00edtere \u201cRosete Aranda\u201d, Conferencia de\ndirectores de Seguridad Publica Municipales, un evento de la Federaci\u00f3n\nNacional de Municipios entre otros.<\/p>\n\n\n\n<p>Abund\u00f3 que ser\u00e1n distintos\neventos los que se tengan preparados, a fin de que se logre conmemorar un a\u00f1o m\u00e1s\nde la fundaci\u00f3n de este pueblo m\u00e1gico.<\/p>\n\n\n\n<p>Aunque no se dio a conocer a\u00fan\nla inversi\u00f3n para los eventos que se tienen programados, el mun\u00edcipe, comparti\u00f3\nque en todos apoyara el ayuntamiento que encabeza, con el pr\u00e9stamo de instalaciones,\nrecurso u otras acciones. <\/p>\n\n\n\n<p>Cabe se\u00f1alar que la fundaci\u00f3n\nde este pueblo m\u00e1gico, es el 18 de octubre, sin embargo, ser\u00e1n d\u00edas antes y\nposteriores cuando se realicen los eventos conmemorativos. <\/p>\n","protected":false},"excerpt":{"rendered":"<p>Con motivo de la fundaci\u00f3n del municipio de Huamantla, el alcalde de esta ciudad, Jorge S\u00e1nchez Jasso, dio a&nbsp; conocer que se tendr\u00e1n distintos eventos conmemorativos al 485 aniversario del pueblo m\u00e1gico, como una novillada, el Festival Internacional del T\u00edtere \u201cRosete Aranda\u201d, Conferencia de directores de Seguridad Publica Municipales, un evento de la Federaci\u00f3n Nacional [&hellip;]<\/p>\n","protected":false},"author":19,"featured_media":0,"comment_status":"closed","ping_status":"open","sticky":false,"template":"","format":"standard","meta":{"om_disable_all_campaigns":false,"_monsterinsights_skip_tracking":false,"_monsterinsights_sitenote_active":false,"_monsterinsights_sitenote_note":"","_monsterinsights_sitenote_category":0,"jnews-multi-image_gallery":[],"jnews_single_post":[],"jnews_primary_category":[],"footnotes":""},"categories":[],"tags":[],"class_list":["post-53812","post","type-post","status-publish","format-standard","hentry"],"aioseo_notices":[],"_links":{"self":[{"href":"https:\/\/estado29.mx\/index.php?rest_route=\/wp\/v2\/posts\/53812","targetHints":{"allow":["GET"]}}],"collection":[{"href":"https:\/\/estado29.mx\/index.php?rest_route=\/wp\/v2\/posts"}],"about":[{"href":"https:\/\/estado29.mx\/index.php?rest_route=\/wp\/v2\/types\/post"}],"author":[{"embeddable":true,"href":"https:\/\/estado29.mx\/index.php?rest_route=\/wp\/v2\/users\/19"}],"replies":[{"embeddable":true,"href":"https:\/\/estado29.mx\/index.php?rest_route=%2Fwp%2Fv2%2Fcomments&post=53812"}],"version-history":[{"count":1,"href":"https:\/\/estado29.mx\/index.php?rest_route=\/wp\/v2\/posts\/53812\/revisions"}],"predecessor-version":[{"id":53816,"href":"https:\/\/estado29.mx\/index.php?rest_route=\/wp\/v2\/posts\/53812\/revisions\/53816"}],"wp:attachment":[{"href":"https:\/\/estado29.mx\/index.php?rest_route=%2Fwp%2Fv2%2Fmedia&parent=53812"}],"wp:term":[{"taxonomy":"category","embeddable":true,"href":"https:\/\/estado29.mx\/index.php?rest_route=%2Fwp%2Fv2%2Fcategories&post=53812"},{"taxonomy":"post_tag","embeddable":true,"href":"https:\/\/estado29.mx\/index.php?rest_route=%2Fwp%2Fv2%2Ftags&post=53812"}],"curies":[{"name":"wp","href":"https:\/\/api.w.org\/{rel}","templated":true}]}}