{"id":53818,"date":"2019-10-11T07:30:51","date_gmt":"2019-10-11T12:30:51","guid":{"rendered":"http:\/\/estado29.mx\/?p=53818"},"modified":"2019-10-11T07:31:00","modified_gmt":"2019-10-11T12:31:00","slug":"huamantla-capital-mundial-del-titere-regresa-el-fit-rosete-aranda-a-sus-origenes","status":"publish","type":"post","link":"https:\/\/estado29.mx\/?p=53818","title":{"rendered":"Huamantla, Capital Mundial del T\u00edtere; regresa el FIT \u201cRosete Aranda\u201d a sus or\u00edgenes."},"content":{"rendered":"\n<p>Huamantla, Tlax.- Debido a gestiones del Presidente Municipal de Huamantla, Jorge S\u00e1nchez Jasso, y a petici\u00f3n de los habitantes huamantlecos, el Festival Internacional del T\u00edtere (FIT), &#8220;Rosete Aranda&#8221;, regresa a Huamantla, para convertirse de nueva cuenta en la \u201cCapital Mundial del T\u00edtere\u201d, donde se presentar\u00e1n titiriteros de Italia, Rep\u00fablica Checa, Espa\u00f1a, Cuba, Uruguay, Guatemala, Argentina, as\u00ed como del interior de la Rep\u00fablica Mexicana.<\/p>\n\n\n\n<p>El Presidente Municipal, Jorge S\u00e1nchez Jasso, subray\u00f3 que las gestiones se hicieron con las autoridades competentes con el objetivo de que el FIT, retomara sus or\u00edgenes en la ciudad de Huamantla, y por supuesto el Museo Nacional del T\u00edtere (MUNATI).<\/p>\n\n\n\n<p>Record\u00f3 que la gran inauguraci\u00f3n se realizar\u00e1 el 12 de octubre en la explanada del Parque Ju\u00e1rez del Municipio en punto de las 18:30 horas; el pr\u00f3ximo domingo 20 de octubre se llevar\u00e1 a cabo un magno desfile por las principales calles de Huamantla, a las 13 horas; agreg\u00f3 que para las funciones de t\u00edteres se colocar\u00e1n seis escenarios en la inmediaciones del parque Ju\u00e1rez, donde se tendr\u00e1 la participaci\u00f3n de titiriteros de M\u00e9xico y otros pa\u00edses.<\/p>\n\n\n\n<p>El alcalde invit\u00f3 a todas las familias huamantlecas a disfrutar de estas actividades que son pensadas y organizadas para ellos, por lo que record\u00f3 que habr\u00e1 funciones, talleres, exposiciones, y conferencias del 12 al 23 de octubre totalmente gratis.<\/p>\n","protected":false},"excerpt":{"rendered":"<p>Huamantla, Tlax.- Debido a gestiones del Presidente Municipal de Huamantla, Jorge S\u00e1nchez Jasso, y a petici\u00f3n de los habitantes huamantlecos, el Festival Internacional del T\u00edtere (FIT), &#8220;Rosete Aranda&#8221;, regresa a Huamantla, para convertirse de nueva cuenta en la \u201cCapital Mundial del T\u00edtere\u201d, donde se presentar\u00e1n titiriteros de Italia, Rep\u00fablica Checa, Espa\u00f1a, Cuba, Uruguay, Guatemala, Argentina, [&hellip;]<\/p>\n","protected":false},"author":12,"featured_media":0,"comment_status":"closed","ping_status":"open","sticky":false,"template":"","format":"standard","meta":{"om_disable_all_campaigns":false,"_monsterinsights_skip_tracking":false,"_monsterinsights_sitenote_active":false,"_monsterinsights_sitenote_note":"","_monsterinsights_sitenote_category":0,"jnews-multi-image_gallery":[],"jnews_single_post":[],"jnews_primary_category":[],"footnotes":""},"categories":[],"tags":[],"class_list":["post-53818","post","type-post","status-publish","format-standard","hentry"],"aioseo_notices":[],"_links":{"self":[{"href":"https:\/\/estado29.mx\/index.php?rest_route=\/wp\/v2\/posts\/53818","targetHints":{"allow":["GET"]}}],"collection":[{"href":"https:\/\/estado29.mx\/index.php?rest_route=\/wp\/v2\/posts"}],"about":[{"href":"https:\/\/estado29.mx\/index.php?rest_route=\/wp\/v2\/types\/post"}],"author":[{"embeddable":true,"href":"https:\/\/estado29.mx\/index.php?rest_route=\/wp\/v2\/users\/12"}],"replies":[{"embeddable":true,"href":"https:\/\/estado29.mx\/index.php?rest_route=%2Fwp%2Fv2%2Fcomments&post=53818"}],"version-history":[{"count":1,"href":"https:\/\/estado29.mx\/index.php?rest_route=\/wp\/v2\/posts\/53818\/revisions"}],"predecessor-version":[{"id":53821,"href":"https:\/\/estado29.mx\/index.php?rest_route=\/wp\/v2\/posts\/53818\/revisions\/53821"}],"wp:attachment":[{"href":"https:\/\/estado29.mx\/index.php?rest_route=%2Fwp%2Fv2%2Fmedia&parent=53818"}],"wp:term":[{"taxonomy":"category","embeddable":true,"href":"https:\/\/estado29.mx\/index.php?rest_route=%2Fwp%2Fv2%2Fcategories&post=53818"},{"taxonomy":"post_tag","embeddable":true,"href":"https:\/\/estado29.mx\/index.php?rest_route=%2Fwp%2Fv2%2Ftags&post=53818"}],"curies":[{"name":"wp","href":"https:\/\/api.w.org\/{rel}","templated":true}]}}