{"id":53822,"date":"2019-10-11T07:36:34","date_gmt":"2019-10-11T12:36:34","guid":{"rendered":"http:\/\/estado29.mx\/?p=53822"},"modified":"2019-10-11T07:36:44","modified_gmt":"2019-10-11T12:36:44","slug":"concluyen-docentes-diplomados-para-mejorar-competencias-pedagogicas","status":"publish","type":"post","link":"https:\/\/estado29.mx\/?p=53822","title":{"rendered":"Concluyen docentes diplomados  para mejorar competencias pedag\u00f3gicas"},"content":{"rendered":"\n<p>\u2022&nbsp;<em>Un total de 80 docentes cumplieron 120 horas de capacitaci\u00f3n en l\u00ednea.<\/em><\/p>\n\n\n\n<p>Para mejorar las competencias pedag\u00f3gicas de los docentes, la Secretar\u00eda de Educaci\u00f3n P\u00fablica del Estado (SEPE) organiz\u00f3 los diplomados \u201cDesarrollo de Competencias Digitales Docentes\u201d y \u201cCompetencias de Tutor\u00edas en la formaci\u00f3n del Servicio Profesional Docente\u201d para mantener el rumbo de la excelencia educativa.<\/p>\n\n\n\n<p>Un total de 80 maestros cursaron los diplomados en l\u00ednea, que incluyeron 120 horas de capacitaci\u00f3n a cargo de especialistas de la Universidad Popular Aut\u00f3noma de Puebla (Upaep).<\/p>\n\n\n\n<p>Jorge Arturo Cuatepotzo S\u00e1nchez, responsable operativo del Programa para el Desarrollo Profesional Docente (Prodep), expres\u00f3 que el inter\u00e9s del Secretario de Educaci\u00f3n P\u00fablica, Florentino Dom\u00ednguez Ord\u00f3\u00f1ez, es fortalecer las herramientas de trabajo de los docentes, por lo que se busca mantener actualizado al magisterio para fortalecer sus competencias.<\/p>\n\n\n\n<p>\u201cEl compromiso es ofrecer alternativas de calidad para mejorar la pr\u00e1ctica docente en el aula. Seguiremos con la firma de convenios con instituciones de prestigio para reforzar las competencias pedag\u00f3gicas en la pr\u00e1ctica docente que impacten en los aprendizajes de los alumnos\u201d, resalt\u00f3.<\/p>\n\n\n\n<p>En su oportunidad, los maestros que cursaron los diplomados reconocieron el inter\u00e9s de las autoridades educativas en la capacitaci\u00f3n y actualizaci\u00f3n de los docentes tlaxcaltecas, ya que estas acciones generan un mayor compromiso del magisterio con la educaci\u00f3n y los estudiantes.<\/p>\n","protected":false},"excerpt":{"rendered":"<p>\u2022&nbsp;Un total de 80 docentes cumplieron 120 horas de capacitaci\u00f3n en l\u00ednea. Para mejorar las competencias pedag\u00f3gicas de los docentes, la Secretar\u00eda de Educaci\u00f3n P\u00fablica del Estado (SEPE) organiz\u00f3 los diplomados \u201cDesarrollo de Competencias Digitales Docentes\u201d y \u201cCompetencias de Tutor\u00edas en la formaci\u00f3n del Servicio Profesional Docente\u201d para mantener el rumbo de la excelencia educativa. [&hellip;]<\/p>\n","protected":false},"author":12,"featured_media":0,"comment_status":"closed","ping_status":"open","sticky":false,"template":"","format":"standard","meta":{"om_disable_all_campaigns":false,"_monsterinsights_skip_tracking":false,"_monsterinsights_sitenote_active":false,"_monsterinsights_sitenote_note":"","_monsterinsights_sitenote_category":0,"jnews-multi-image_gallery":[],"jnews_single_post":[],"jnews_primary_category":[],"footnotes":""},"categories":[],"tags":[],"class_list":["post-53822","post","type-post","status-publish","format-standard","hentry"],"aioseo_notices":[],"_links":{"self":[{"href":"https:\/\/estado29.mx\/index.php?rest_route=\/wp\/v2\/posts\/53822","targetHints":{"allow":["GET"]}}],"collection":[{"href":"https:\/\/estado29.mx\/index.php?rest_route=\/wp\/v2\/posts"}],"about":[{"href":"https:\/\/estado29.mx\/index.php?rest_route=\/wp\/v2\/types\/post"}],"author":[{"embeddable":true,"href":"https:\/\/estado29.mx\/index.php?rest_route=\/wp\/v2\/users\/12"}],"replies":[{"embeddable":true,"href":"https:\/\/estado29.mx\/index.php?rest_route=%2Fwp%2Fv2%2Fcomments&post=53822"}],"version-history":[{"count":1,"href":"https:\/\/estado29.mx\/index.php?rest_route=\/wp\/v2\/posts\/53822\/revisions"}],"predecessor-version":[{"id":53825,"href":"https:\/\/estado29.mx\/index.php?rest_route=\/wp\/v2\/posts\/53822\/revisions\/53825"}],"wp:attachment":[{"href":"https:\/\/estado29.mx\/index.php?rest_route=%2Fwp%2Fv2%2Fmedia&parent=53822"}],"wp:term":[{"taxonomy":"category","embeddable":true,"href":"https:\/\/estado29.mx\/index.php?rest_route=%2Fwp%2Fv2%2Fcategories&post=53822"},{"taxonomy":"post_tag","embeddable":true,"href":"https:\/\/estado29.mx\/index.php?rest_route=%2Fwp%2Fv2%2Ftags&post=53822"}],"curies":[{"name":"wp","href":"https:\/\/api.w.org\/{rel}","templated":true}]}}